{"id":1086,"date":"2015-01-09T14:00:26","date_gmt":"2015-01-09T13:00:26","guid":{"rendered":"http:\/\/viaasesores.es\/?p=1086"},"modified":"2015-01-09T14:00:26","modified_gmt":"2015-01-09T13:00:26","slug":"autoliquidacion-mensual-del-iva-pros-contras-y-condiciones-expertis3-por-zaplanaf","status":"publish","type":"post","link":"https:\/\/www.decyde.es\/en\/autoliquidacion-mensual-del-iva-pros-contras-y-condiciones-expertis3-por-zaplanaf\/","title":{"rendered":"Autoliquidaci\u00f3n mensual del IVA: pros, contras y condiciones #Expertis3 por @Zaplanaf"},"content":{"rendered":"<p style=\"margin: 0px 0px 10px; padding: 0px; border: 0px; font-family: Arial, Helvetica, sans-serif; vertical-align: baseline; word-wrap: break-word; color: #222222; line-height: 19.5px;\"><strong>Las grandes empresas se ven obligadas a realizar la\u00a0<a style=\"margin: 0px; padding: 0px; border: 0px; font-weight: inherit; font-style: inherit; font-family: inherit; vertical-align: baseline; color: #5e5e5e;\" href=\"http:\/\/www.captio.net\/blog\/autoliquidacion-del-iva-rectificar-un-error\" rel=\"nofollow\">autoliquidaci\u00f3n<\/a>\u00a0del IVA de forma mensual. Aunque lo habitual para el resto es realizar este tr\u00e1mite de forma trimestral, la Agencia Tributaria ofrece la posibilidad de acogerse tambi\u00e9n a esta modalidad de autoliquidaci\u00f3n. Descubre en este art\u00edculo el c\u00f3mo y el por qu\u00e9 declarar el IVA mensualmente.<\/strong><\/p>\n<p style=\"margin: 0px 0px 10px; padding: 0px; border: 0px; font-family: Arial, Helvetica, sans-serif; vertical-align: baseline; word-wrap: break-word; color: #222222; line-height: 19.5px;\">En Espa\u00f1a, las empresas que tienen un volumen de operaciones superior a los\u00a0<strong>6.010.121, 04 euros<\/strong>\u00a0al a\u00f1o tienen la obligaci\u00f3n de inscribirse en el<strong>REDEME<\/strong>\u00a0(R\u00e9gimen Especial de Devoluci\u00f3n Mensual). Las empresas con un volumen de actividad inferior tambi\u00e9n tienen la opci\u00f3n de acogerse a este r\u00e9gimen\u00a0<strong>de forma voluntaria<\/strong>, ya que en muchos casos les puede aportar beneficios considerables.<\/p>\n<p style=\"margin: 0px 0px 10px; padding: 0px; border: 0px; font-family: Arial, Helvetica, sans-serif; vertical-align: baseline; word-wrap: break-word; color: #222222; line-height: 19.5px;\">Al hacer la<strong>\u00a0autoliquidaci\u00f3n<\/strong>\u00a0del Impuesto sobre el Valor A\u00f1adido cada mes, las sociedades no tienen que esperar a la \u00faltima declaraci\u00f3n del a\u00f1o, que se realiza durante el mes de enero, para solicitar la devoluci\u00f3n de este tributo que les pertoque.<\/p>\n<p style=\"margin: 0px 0px 10px; padding: 0px; border: 0px; font-family: Arial, Helvetica, sans-serif; vertical-align: baseline; word-wrap: break-word; color: #222222; line-height: 19.5px;\">As\u00ed pues, puede representar una\u00a0<strong>mejora sustancial de la fiscalidad y tesorer\u00eda<\/strong>\u00a0en el caso de los negocios en que el IVA soportado sea notablemente mayor que el repercutido.<\/p>\n<p style=\"margin: 0px 0px 10px; padding: 0px; border: 0px; font-family: Arial, Helvetica, sans-serif; vertical-align: baseline; word-wrap: break-word; color: #222222; line-height: 19.5px;\">Se encuentran en esta tesitura las sociedades que\u00a0<strong>operan con frecuencia en el extranjero<\/strong>, ya sea con operaciones intracomunitarias como extracomunitarias. Como las exportaciones y entregas de bienes y servicios a empresas o profesionales de otros pa\u00edses est\u00e1n sujetas pero exentas de IVA, el resultado es que estas empresas soportan una cantidad mucho m\u00e1s grande de IVA del que repercuten.<\/p>\n<p style=\"margin: 0px 0px 10px; padding: 0px; border: 0px; font-family: Arial, Helvetica, sans-serif; vertical-align: baseline; word-wrap: break-word; color: #222222; line-height: 19.5px;\"><a style=\"margin: 0px; padding: 0px; border: 0px; font-weight: inherit; font-style: inherit; font-family: inherit; vertical-align: baseline; color: #5e5e5e;\" href=\"http:\/\/blogs.laverdad.es\/expertise\/files\/2015\/01\/21-iva-cultura.jpg\"><img decoding=\"async\" loading=\"lazy\" class=\"alignright  wp-image-126\" style=\"margin: 0px 10px 10px; padding: 0px; border: none; font-weight: inherit; font-style: inherit; font-family: inherit; vertical-align: baseline; text-align: right; display: block; max-width: 640px;\" title=\"21-iva-cultura\" src=\"http:\/\/blogs.laverdad.es\/expertise\/files\/2015\/01\/21-iva-cultura.jpg\" alt=\"\" width=\"312\" height=\"312\" \/><\/a><\/p>\n<div style=\"margin: 0px; padding: 0px; border: 0px; font-family: Arial, Helvetica, sans-serif; vertical-align: baseline; color: #222222; line-height: 19.5px;\">\n<p style=\"margin: 0px 0px 10px; padding: 0px; border: 0px; font-weight: inherit; font-style: inherit; font-family: inherit; vertical-align: baseline; word-wrap: break-word;\">Otro tipo de empresa que se puede ver beneficiado por la autoliquidaci\u00f3n mensual son las que<strong>repercuten un tipo de<\/strong><strong>\u00a0IVA m\u00e1s bajo<\/strong>\u00a0del que soportan. Existe tambi\u00e9n el caso de las empresas que realizan obras para otras empresas o profesionales (no para particulares), ya sea construcci\u00f3n o rehabilitaci\u00f3n. En este tipo de operaci\u00f3n se inversa el sujeto pasivo para el comprador.<\/p>\n<div style=\"margin: 0px; padding: 0px; border: 0px; font-weight: inherit; font-style: inherit; font-family: inherit; vertical-align: baseline;\">\n<p style=\"margin: 0px 0px 10px; padding: 0px; border: 0px; font-weight: inherit; font-style: inherit; font-family: inherit; vertical-align: baseline; word-wrap: break-word;\">Por contra, no hay que olvidarse de que acogerse al r\u00e9gimen de devoluci\u00f3n mensual implica\u00a0<strong>m\u00e1s tr\u00e1mites y burocracia<\/strong>\u00a0que la autoliquidaci\u00f3n trimestral. A parte de la declaraci\u00f3n en s\u00ed, cada mes tambi\u00e9n se tiene que presentar una declaraci\u00f3n informativa de los libros de registros del IVA. Por lo tanto, a la hora de valorar si vale la pena hacer la autoliquidaci\u00f3n mensual, hay que tener en cuenta el esfuerzo administrativo que esto supondr\u00eda para la compa\u00f1\u00eda y por supuesto, contar con la posible demora en la devoluci\u00f3n, lo que en caso de no contar con que nuestro IVA salga siempre a devolver, puede conllevar tener que pagar un IVA de periodo posterior, aunque en ese momento esperemos una devoluci\u00f3n.<\/p>\n<p style=\"margin: 0px 0px 10px; padding: 0px; border: 0px; font-weight: inherit; font-style: inherit; font-family: inherit; vertical-align: baseline; word-wrap: break-word;\">Finalmente y en cuanto a la recopilaci\u00f3n de documentos para deducir el IVA soportado en los gastos generados por la empresa, cuando tienes personas en la calle, quiz\u00e1 un equipo de trabajo numeroso, se manejan muchos tickets y suele resultar complejo documentar todo ese IVA deducible, lo cual es imprescindible para deducir, por fortuna las nuevas tecnolog\u00edas van avanzando cada vez m\u00e1s y ofreciendo soluciones, una de ellas es\u00a0<a style=\"margin: 0px; padding: 0px; border: 0px; font-weight: inherit; font-style: inherit; font-family: inherit; vertical-align: baseline; color: #5e5e5e;\" href=\"http:\/\/www.captio.net\/\" rel=\"nofollow\">Captio<\/a>, que permite capturar tickets, crear informes y sobre todo, generar los documentos necesarios para que la deducci\u00f3n de IVA se realice con seguridad.<\/p>\n<p style=\"margin: 0px 0px 10px; padding: 0px; border: 0px; font-weight: inherit; font-style: inherit; font-family: inherit; vertical-align: baseline; word-wrap: break-word;\"><strong>Inscripci\u00f3n al REDEME<\/strong><\/p>\n<p style=\"margin: 0px 0px 10px; padding: 0px; border: 0px; font-weight: inherit; font-style: inherit; font-family: inherit; vertical-align: baseline; word-wrap: break-word;\">La inscripci\u00f3n voluntaria al R\u00e9gimen Especial de Devoluci\u00f3n Mensual se realiza presentando a Hacienda el<strong>modelo censal 036<\/strong>. Solamente se puede llevar a cabo el registro durante el mes de\u00a0<strong>noviembre<\/strong>, que entrar\u00e1 en vigor el siguiente mes de enero.<\/p>\n<p style=\"margin: 0px 0px 10px; padding: 0px; border: 0px; font-weight: inherit; font-style: inherit; font-family: inherit; vertical-align: baseline; word-wrap: break-word;\">Por ejemplo, las personas que decidan darse de alta en noviembre 2015 empezar\u00e1n la autoliquidaci\u00f3n mensual en enero 2016. Hay que estar muy seguro antes de iniciar este tr\u00e1mite, ya que una vez inscrito, es obligatorio hacer la autoliquidaci\u00f3n mensual durante un\u00a0<strong>m\u00ednimo de 12 meses<\/strong>\u00a0(de enero a enero). Las bajas, las igual que las altas, se tramitan en noviembre y entran en vigor el siguiente mes de enero.<\/p>\n<p style=\"margin: 0px 0px 10px; padding: 0px; border: 0px; font-weight: inherit; font-style: inherit; font-family: inherit; vertical-align: baseline; word-wrap: break-word;\">Existen unos determinado\u00a0<strong>requisitos<\/strong>\u00a0para poder optar a la inscripci\u00f3n en el REDEME.<\/p>\n<p style=\"margin: 0px 0px 10px; padding: 0px; border: 0px; font-weight: inherit; font-style: inherit; font-family: inherit; vertical-align: baseline; word-wrap: break-word;\">No pueden acogerse a \u00e9l las empresas que no est\u00e1n al d\u00eda de sus obligaciones tributarias, ni las que tributen en el r\u00e9gimen simplificado. Tampoco pueden las sociedades que est\u00e9n incluidas en alguno de los supuestos que pueden dar lugar a una baja cautelar en el REDEME o a la revocaci\u00f3n del NIF. Adem\u00e1s, no es posible para las empresas excluidas de este registro en los 3 a\u00f1os anteriores, o las que se hayan dado de baja el mismo a\u00f1o natural en que presentan la solicitud.<\/p>\n<p style=\"margin: 0px 0px 10px; padding: 0px; border: 0px; font-weight: inherit; font-style: inherit; font-family: inherit; vertical-align: baseline; word-wrap: break-word;\">Para saber m\u00e1s acerca de la\u00a0<strong>autoliquidaci\u00f3n del IVA<\/strong>\u00a0de tu sociedad, puedes descargar gratuitamente esta\u00a0<strong><a style=\"margin: 0px; padding: 0px; border: 0px; font-weight: inherit; font-style: inherit; font-family: inherit; vertical-align: baseline; color: #5e5e5e;\" href=\"http:\/\/landing.captio.net\/guia-practica-para-deducir-iva-de-los-gastos-de-empresa?&amp;__hssc=&amp;__hstc=228796611.2fa1ce9fe696455f90c758041b8b5ccb.1416385282151.1418722690339.1418816439873.28&amp;hsCtaTracking=53ee5b73-e191-4fd4-8c93-eb08026be516%257Ce1884c98-84ba-486f-840f-95794ad78077\" rel=\"nofollow\">Gu\u00eda pr\u00e1ctica para la deducci\u00f3n del IVA<\/a><\/strong>\u00a0de los gastos de empresa.<\/p>\n<\/div>\n<\/div>\n<p><a href=\"http:\/\/blogs.laverdad.es\/expertise\/2015\/01\/08\/autoliquidacion-mensual-del-iva-pros-contras-y-condiciones-expertis3-por-zaplanaf\/#.VK_QZLrpLqs.wordpress\">Autoliquidaci\u00f3n mensual del IVA: pros, contras y condiciones #Expertis3 por @Zaplanaf | Expertise &#8211; Blogs laverdad.es<\/a>.<\/p>\n<div>En colaboraci\u00f3n con:<\/div>\n<div>Myriam Zanatta<\/div>\n<div>Departamento de Marketing<\/div>\n<div><a href=\"http:\/\/captio.net\/\" target=\"_blank\">Captio<\/a><\/div>","protected":false},"excerpt":{"rendered":"<p>Las grandes empresas se ven obligadas a realizar la\u00a0autoliquidaci\u00f3n\u00a0del IVA de forma mensual. Aunque lo habitual para el resto es realizar este tr\u00e1mite de forma trimestral, la Agencia Tributaria ofrece la posibilidad de acogerse tambi\u00e9n a esta modalidad de autoliquidaci\u00f3n. Descubre en este art\u00edculo el c\u00f3mo y el por qu\u00e9 declarar el IVA mensualmente. En [&hellip;]<\/p>","protected":false},"author":1,"featured_media":1089,"comment_status":"open","ping_status":"open","sticky":false,"template":"","format":"standard","meta":[],"categories":[38,37],"tags":[67,68,466,71,91,467,95,46,58,135,65,147,151],"_links":{"self":[{"href":"https:\/\/www.decyde.es\/en\/wp-json\/wp\/v2\/posts\/1086"}],"collection":[{"href":"https:\/\/www.decyde.es\/en\/wp-json\/wp\/v2\/posts"}],"about":[{"href":"https:\/\/www.decyde.es\/en\/wp-json\/wp\/v2\/types\/post"}],"author":[{"embeddable":true,"href":"https:\/\/www.decyde.es\/en\/wp-json\/wp\/v2\/users\/1"}],"replies":[{"embeddable":true,"href":"https:\/\/www.decyde.es\/en\/wp-json\/wp\/v2\/comments?post=1086"}],"version-history":[{"count":0,"href":"https:\/\/www.decyde.es\/en\/wp-json\/wp\/v2\/posts\/1086\/revisions"}],"wp:featuredmedia":[{"embeddable":true,"href":"https:\/\/www.decyde.es\/en\/wp-json\/"}],"wp:attachment":[{"href":"https:\/\/www.decyde.es\/en\/wp-json\/wp\/v2\/media?parent=1086"}],"wp:term":[{"taxonomy":"category","embeddable":true,"href":"https:\/\/www.decyde.es\/en\/wp-json\/wp\/v2\/categories?post=1086"},{"taxonomy":"post_tag","embeddable":true,"href":"https:\/\/www.decyde.es\/en\/wp-json\/wp\/v2\/tags?post=1086"}],"curies":[{"name":"wp","href":"https:\/\/api.w.org\/{rel}","templated":true}]}}