{"id":110,"date":"2014-06-10T11:42:12","date_gmt":"2014-06-10T10:42:12","guid":{"rendered":"http:\/\/viaasesores.es\/?p=110"},"modified":"2014-06-10T11:42:12","modified_gmt":"2014-06-10T10:42:12","slug":"emprender-es-facil","status":"publish","type":"post","link":"https:\/\/www.decyde.es\/en\/emprender-es-facil\/","title":{"rendered":"Emprender es f\u00e1cil. Descubre c\u00f3mo con @EmprenderFacil de @ViaAsesores"},"content":{"rendered":"<p style=\"text-align: justify;\">\u00bfTienes una <strong>idea de negocio<\/strong>?<\/p>\n<p style=\"text-align: justify;\">\u00bfDeseas <strong>crecer profesionalmente<\/strong> y estas decidido a <strong>dar el salto<\/strong>?<\/p>\n<p style=\"text-align: justify;\">\u00bfTe has quedado <strong>parado<\/strong> y piensas en <strong>lanzarte como emprendedor<\/strong>?<\/p>\n<p style=\"text-align: justify;\">Ven a <strong>V\u00eda Asesores<\/strong> y escuchanos en <strong>Cope Murcia<\/strong>, sabr\u00e1s como <strong>Emprender f\u00e1cil.<\/strong><\/p>\n<p><iframe loading=\"lazy\" id=\"button_subscribe_ivoox89853\" style=\"max-size: 300px;\" src=\"http:\/\/www.ivoox.com\/_p3_89853_1.html?c1=ff6600&amp;c2=ffffff&amp;c3=000000\" height=\"95\" width=\"100%\" allowfullscreen=\"\" frameborder=\"0\" scrolling=\"no\"><\/iframe><\/p>\n<p style=\"text-align: justify;\"><strong><\/strong><strong>Emprender es f\u00e1cil con V\u00eda Asesores,<\/strong> s\u00f3lo tienes que preguntarnos c\u00f3mo. Te acompa\u00f1aremos en todo el <strong>proceso de desarrollo de la idea de negocio y creaci\u00f3n de tu empresa<\/strong>, facilit\u00e1ndote toda la <strong>informaci\u00f3n y planificaci\u00f3n<\/strong> necesarias:<\/p>\n<p style=\"text-align: justify;\">\u2022 <strong>forma jur\u00eddica<\/strong> aconsejable<br \/>\n\u2022 confecci\u00f3n de <strong>planes de viabilidad<\/strong><br \/>\n\u2022 ayudas, <strong>subvenciones y financiaci\u00f3n<\/strong><br \/>\n\u2022 como cobrar el <strong>pago \u00fanico de la prestaci\u00f3n de desempleo\u00a0<a href=\"http:\/\/viaasesores.es\/wp-content\/uploads\/2013\/01\/emprenderv.png\"><img decoding=\"async\" loading=\"lazy\" class=\"size-medium wp-image-570 alignright\" alt=\"emprenderv\" src=\"http:\/\/viaasesores.es\/wp-content\/uploads\/2013\/01\/emprenderv-300x264.png\" width=\"300\" height=\"264\" \/><\/a><\/strong><br \/>\n\u2022 ponemos los \u00faltimos <strong>avances tecnol\u00f3gicos<\/strong> a tu servicio<br \/>\n\u2022 te informamos sobre <strong>tributaci\u00f3n y tipos de contrataci\u00f3n preferentes<\/strong> en funci\u00f3n de las necesidades<br \/>\n\u2022 te ayudamos a <strong>gestionar<\/strong> tu empresa de forma <strong>\u00e1gil y personalizada<\/strong><br \/>\n\u2022 y por supuesto, a que adquieras las <strong>habilidades empresariales<\/strong> necesarias<br \/>\n\u2022 al contratarnos gestionamos <strong>tu alta gratis<\/strong> como empresario individual <strong>aut\u00f3nomo al instante<\/strong><br \/>\n\u2022 <strong>tu sociedad express y tu CIF en 48 horas<\/strong>, somos<strong> punto PAIT<\/strong> del Ministerio de Industria, al contratarnos s\u00f3lo pagaras notario y registro, <strong>no te cobramos por crear tu empresa.<\/strong><\/p>\n<p style=\"text-align: justify;\">Y si lo deseas completamos el <strong>paquete de soluciones para emprendedores:<\/strong><\/p>\n<p style=\"text-align: justify;\">\u2022 elaborando tu <strong>plan de marketing<\/strong> o de <strong>comunicaci\u00f3n<\/strong><br \/>\n\u2022 dise\u00f1amos la<strong> imagen corporativa<\/strong> de tu empresa<br \/>\n\u2022 registro de <strong>marca o propiedad industrial\/intelectual<\/strong><br \/>\n\u2022 elaboramos tu <strong>web<\/strong> o tu <strong>blog<\/strong><br \/>\n\u2022 creamos <strong>videos corporativos<\/strong><br \/>\n\u2022 y te gestionamos o formamos en el uso de<strong> redes sociales<\/strong><\/p>\n<p style=\"text-align: justify;\">La creaci\u00f3n de la <strong>marca empresa<\/strong> empieza por tu<strong> marca personal<\/strong> y <strong>estamos para desarrollarla contigo.<\/strong><\/p>\n<p style=\"text-align: justify;\"><strong>Emprender es f\u00e1cil (si sabes como). D\u00e9jate aconsejar por profesionales para iniciar tu proyecto empresarial, emprender\u00e1s con garant\u00edas.<\/strong><\/p>\n<p style=\"text-align: justify;\">Suscr\u00edbete a nuestro Newsletter para estar al d\u00eda de todos nuestros consejos pr\u00e1cticos para Emprendedores:<\/p>\n<p>[yks-mailchimp-list id=\u00bb7fe17f137e\u00bb]<\/p>","protected":false},"excerpt":{"rendered":"<p>\u00bfTienes una idea de negocio? \u00bfDeseas crecer profesionalmente y estas decidido a dar el salto? \u00bfTe has quedado parado y piensas en lanzarte como emprendedor? Ven a V\u00eda Asesores y escuchanos en Cope Murcia, sabr\u00e1s como Emprender f\u00e1cil. Emprender es f\u00e1cil con V\u00eda Asesores, s\u00f3lo tienes que preguntarnos c\u00f3mo. Te acompa\u00f1aremos en todo el proceso [&hellip;]<\/p>","protected":false},"author":1,"featured_media":111,"comment_status":"open","ping_status":"open","sticky":false,"template":"","format":"standard","meta":[],"categories":[144,40],"tags":[53,333,84,56,148,154,91,339,98,340,100,334,142,39,61,341],"_links":{"self":[{"href":"https:\/\/www.decyde.es\/en\/wp-json\/wp\/v2\/posts\/110"}],"collection":[{"href":"https:\/\/www.decyde.es\/en\/wp-json\/wp\/v2\/posts"}],"about":[{"href":"https:\/\/www.decyde.es\/en\/wp-json\/wp\/v2\/types\/post"}],"author":[{"embeddable":true,"href":"https:\/\/www.decyde.es\/en\/wp-json\/wp\/v2\/users\/1"}],"replies":[{"embeddable":true,"href":"https:\/\/www.decyde.es\/en\/wp-json\/wp\/v2\/comments?post=110"}],"version-history":[{"count":0,"href":"https:\/\/www.decyde.es\/en\/wp-json\/wp\/v2\/posts\/110\/revisions"}],"wp:featuredmedia":[{"embeddable":true,"href":"https:\/\/www.decyde.es\/en\/wp-json\/"}],"wp:attachment":[{"href":"https:\/\/www.decyde.es\/en\/wp-json\/wp\/v2\/media?parent=110"}],"wp:term":[{"taxonomy":"category","embeddable":true,"href":"https:\/\/www.decyde.es\/en\/wp-json\/wp\/v2\/categories?post=110"},{"taxonomy":"post_tag","embeddable":true,"href":"https:\/\/www.decyde.es\/en\/wp-json\/wp\/v2\/tags?post=110"}],"curies":[{"name":"wp","href":"https:\/\/api.w.org\/{rel}","templated":true}]}}