{"id":1109,"date":"2015-02-27T18:47:27","date_gmt":"2015-02-27T17:47:27","guid":{"rendered":"http:\/\/viaasesores.es\/?p=1109"},"modified":"2015-02-27T18:47:27","modified_gmt":"2015-02-27T17:47:27","slug":"los-peligrosos-amigos-tributarios-del-autonomo-expertis3-por-zaplanaf-viaasesores-expertise-blogs-laverdad-es","status":"publish","type":"post","link":"https:\/\/www.decyde.es\/en\/los-peligrosos-amigos-tributarios-del-autonomo-expertis3-por-zaplanaf-viaasesores-expertise-blogs-laverdad-es\/","title":{"rendered":"Los peligrosos amigos tributarios del aut\u00f3nomo #Expertis3 por @Zaplanaf @ViaAsesores"},"content":{"rendered":"<p style=\"text-align: justify;\">Acabamos de terminar con la presentaci\u00f3n de impuestos y declaraciones informativas de 2014 y encaramos la realidad de la reciente reforma fiscal que ha entrado en vigor en 2015. Poco a poco voy asumiendo diferentes puntos de la reforma que no alcanzo a entender muy bien, porque son claramente perjudiciales, fundamentalmente para aut\u00f3nomos y peque\u00f1os negocios y no puedo entender que los ajustes en la progresividad de la tributaci\u00f3n de aut\u00f3nomos sean tan escasos.<\/p>\n<div style=\"text-align: justify;\">\n<p>El pasado 17 de febrero tuve la oportunidad de impartir un taller como experto en el VI Sal\u00f3n MiEmpresa #SME2015 en el Palacio de los Deportes de Madrid en el que hablaba de cotizaciones y retenciones de aut\u00f3nomos, el p\u00fablico eran potenciales aut\u00f3nomos, a los que trat\u00e9 de no\u00a0desanimar, aunque la realidad se empe\u00f1a en no ayudarme demasiado a veces.<\/p>\n<p>El Ministerio de Hacienda se mantiene firme en sus posiciones y aprieta las tuercas en otras, aunque se supone que la reforma ven\u00eda a ayudar, a\u00a0bajar los impuestos, no puedo sino pensar lo que quiz\u00e1 pas\u00f3 por la cabeza del Ministro Wert cuando Crist\u00f3bal Montoro le respond\u00eda con un tajante NO a la rebaja del IVA cultural &#8216;Con amigos como este, no necesito enemigos&#8217;.<\/p>\n<p>Continua en&#8230;\u00a0<a href=\"http:\/\/blogs.laverdad.es\/expertise\/2015\/02\/27\/los-peligrosos-amigos-tributarios-del-autonomo-expertis3-por-zaplanaf-viaasesores\/#.VPCtYWCC5zQ.wordpress\">Los peligrosos amigos tributarios del aut\u00f3nomo #Expertis3 por @Zaplanaf @ViaAsesores | Expertise &#8211; Blogs laverdad.es<\/a>.<\/p>\n<\/div>\n<p style=\"text-align: justify;\"><a href=\"http:\/\/viaasesores.es\/wp-content\/uploads\/2015\/02\/B6-6saRCEAEd0gW.jpg\"><img decoding=\"async\" loading=\"lazy\" class=\"alignright size-full wp-image-1112\" src=\"http:\/\/viaasesores.es\/wp-content\/uploads\/2015\/02\/B6-6saRCEAEd0gW.jpg\" alt=\"B6-6saRCEAEd0gW\" width=\"1280\" height=\"720\" \/><\/a><\/p>","protected":false},"excerpt":{"rendered":"<p>Acabamos de terminar con la presentaci\u00f3n de impuestos y declaraciones informativas de 2014 y encaramos la realidad de la reciente reforma fiscal que ha entrado en vigor en 2015. Poco a poco voy asumiendo diferentes puntos de la reforma que no alcanzo a entender muy bien, porque son claramente perjudiciales, fundamentalmente para aut\u00f3nomos y peque\u00f1os [&hellip;]<\/p>","protected":false},"author":1,"featured_media":1112,"comment_status":"open","ping_status":"open","sticky":false,"template":"","format":"standard","meta":[],"categories":[36,38,141,37],"tags":[67,68,167,53,298,148,46,72,58,135,73,65,254,147,61,83],"_links":{"self":[{"href":"https:\/\/www.decyde.es\/en\/wp-json\/wp\/v2\/posts\/1109"}],"collection":[{"href":"https:\/\/www.decyde.es\/en\/wp-json\/wp\/v2\/posts"}],"about":[{"href":"https:\/\/www.decyde.es\/en\/wp-json\/wp\/v2\/types\/post"}],"author":[{"embeddable":true,"href":"https:\/\/www.decyde.es\/en\/wp-json\/wp\/v2\/users\/1"}],"replies":[{"embeddable":true,"href":"https:\/\/www.decyde.es\/en\/wp-json\/wp\/v2\/comments?post=1109"}],"version-history":[{"count":0,"href":"https:\/\/www.decyde.es\/en\/wp-json\/wp\/v2\/posts\/1109\/revisions"}],"wp:featuredmedia":[{"embeddable":true,"href":"https:\/\/www.decyde.es\/en\/wp-json\/"}],"wp:attachment":[{"href":"https:\/\/www.decyde.es\/en\/wp-json\/wp\/v2\/media?parent=1109"}],"wp:term":[{"taxonomy":"category","embeddable":true,"href":"https:\/\/www.decyde.es\/en\/wp-json\/wp\/v2\/categories?post=1109"},{"taxonomy":"post_tag","embeddable":true,"href":"https:\/\/www.decyde.es\/en\/wp-json\/wp\/v2\/tags?post=1109"}],"curies":[{"name":"wp","href":"https:\/\/api.w.org\/{rel}","templated":true}]}}