{"id":114,"date":"2014-06-10T11:44:24","date_gmt":"2014-06-10T10:44:24","guid":{"rendered":"http:\/\/viaasesores.es\/?p=114"},"modified":"2014-06-10T11:44:24","modified_gmt":"2014-06-10T10:44:24","slug":"relanza-tu-negocio","status":"publish","type":"post","link":"https:\/\/www.decyde.es\/en\/relanza-tu-negocio\/","title":{"rendered":"Re-Lanza Tu Negocio: aut\u00f3nomos, microempresas, pymes @ReLanzate con @ViaAsesores"},"content":{"rendered":"<p style=\"text-align: justify;\">\u00bf<strong>Problemas<\/strong> con tu negocio? \u00bfTu empresa <strong>no funciona como deber\u00eda<\/strong>? \u00bferes aut\u00f3nomo y no sabes autogestionarte? \u00bfPensando en <strong>cambios<\/strong>?<\/p>\n<p style=\"text-align: justify;\">Escucha nuestra secci\u00f3n Re Lanza tu Negocio en <a href=\"http:\/\/radioemprende.com\">RadioEmprende.com<\/a> y encontrar\u00e1s f\u00f3rmulas para darle una vuelta de tuerca a tu situaci\u00f3n, nuestra experiencia de asesoramiento empresarial a tu disposici\u00f3n en la emisora m\u00e1s emprendedora.<\/p>\n<p style=\"text-align: justify;\">Pincha en la imagen y accede a un mundo de ideas.<\/p>\n<p style=\"text-align: center;\"><a href=\"http:\/\/radioemprende.com\/podcast-20140430--Aun-hay-muchas-empresas-muy-analogicas-que-necesitan-hacer-cambios#\"><img decoding=\"async\" loading=\"lazy\" class=\"aligncenter  wp-image-1000\" alt=\"ReLanza tu negocio\" src=\"http:\/\/viaasesores.es\/wp-content\/uploads\/2013\/01\/ReLanza-tu-negocio.jpg\" width=\"546\" height=\"357\" \/><\/a><\/p>\n<p style=\"text-align: justify;\"><strong>V\u00eda Asesores<\/strong> pone a tu disposici\u00f3n el servicio <strong>Re-Lanza Tu Negocio<\/strong>, un completo<strong> paquete de herramientas y soluciones<\/strong> del cual podr\u00e1s contratar aquellos m\u00f3dulos que te resulten necesarios y\/o de tu inter\u00e9s.<\/p>\n<p style=\"text-align: justify;\">Trabajaremos <strong>junto a ti,<\/strong> acompa\u00f1\u00e1ndote en el camino que lleva a conseguir<strong> nuestro objetivo, reinventar tu negocio<\/strong> y <strong>volver a situarlo en el lugar que necesita<\/strong>, trabajando en la<strong> modernizaci\u00f3n de los procesos<\/strong>, con una progresiva adaptaci\u00f3n a las nuevas tecnolog\u00edas, en la <strong>construcci\u00f3n de la marca empresa<\/strong>, en <strong>la implantaci\u00f3n de los procedimientos<\/strong>, la informaci\u00f3n, el funcionamiento y el aspecto adecuados son fundamentales para trabajar construyendo un buen futuro, las<strong> empresas tradicionales<\/strong> tambi\u00e9n son capaces de <strong>adaptarse e innovar<\/strong> con la meta final de <strong>triunfar<\/strong>.<\/p>\n<p style=\"text-align: justify;\">Proceso hacia una <strong>gesti\u00f3n eficaz:<\/strong><br \/>\n\u2022 Buscamos <strong>financiaci\u00f3n<\/strong> para tus nuevos proyectos<br \/>\n\u2022 ponemos los \u00faltimos<strong> avances tecnol\u00f3gicos<\/strong> a tu servicio<br \/>\n\u2022 te informamos sobre<strong> tributaci\u00f3n y tipos de contrataci\u00f3n preferentes<\/strong> en funci\u00f3n de las necesidades<br \/>\n\u2022 te ayudamos a <strong>gestionar<\/strong> tu empresa <strong>de forma \u00e1gil y personalizada<\/strong><\/p>\n<p style=\"text-align: justify;\">Otras soluciones a tu disposici\u00f3n.:<br \/>\n\u2022 dise\u00f1amos la <strong>imagen corporativa<\/strong> de tu empresa<br \/>\n\u2022 elaboramos tu <strong>web<\/strong> o tu <strong>blog<\/strong><br \/>\n\u2022 preparamos un <strong>plan de comunicaci\u00f3n<\/strong> e incluso realizamos <strong>planificaci\u00f3n de medios\u00a0<a href=\"http:\/\/viaasesores.es\/wp-content\/uploads\/2013\/01\/Relanza1.png\"><img decoding=\"async\" loading=\"lazy\" class=\"alignright  wp-image-1001\" alt=\"Relanza\" src=\"http:\/\/viaasesores.es\/wp-content\/uploads\/2013\/01\/Relanza1.png\" width=\"255\" height=\"252\" \/><\/a><\/strong><br \/>\n\u2022 creamos <strong>videos corporativos<\/strong> adaptados a los nuevos tiempos<br \/>\n\u2022 gestionamos o formamos en el uso de<strong> redes sociales<\/strong><br \/>\n\u2022 realizamos una completa <strong>planificaci\u00f3n de marketing<\/strong><br \/>\n\u2022 realizamos acciones de <strong>marketing de guerrilla<\/strong><br \/>\n\u2022 y <strong>mucho m\u00e1s<\/strong><\/p>\n<p style=\"text-align: justify;\">Ven y preg\u00fantanos\u2026<\/p>\n<p style=\"text-align: justify;\">Suscr\u00edbete a nuestro Newsletter para estar al d\u00eda de todos nuestros consejos pr\u00e1cticos para empresas que necesitan reinventarse:<\/p>\n<p>[yks-mailchimp-list id=\u00bb350ebbe911&#8243;]<\/p>","protected":false},"excerpt":{"rendered":"<p>\u00bfProblemas con tu negocio? \u00bfTu empresa no funciona como deber\u00eda? \u00bferes aut\u00f3nomo y no sabes autogestionarte? \u00bfPensando en cambios? Escucha nuestra secci\u00f3n Re Lanza tu Negocio en RadioEmprende.com y encontrar\u00e1s f\u00f3rmulas para darle una vuelta de tuerca a tu situaci\u00f3n, nuestra experiencia de asesoramiento empresarial a tu disposici\u00f3n en la emisora m\u00e1s emprendedora. Pincha en [&hellip;]<\/p>","protected":false},"author":1,"featured_media":321,"comment_status":"open","ping_status":"open","sticky":false,"template":"","format":"standard","meta":[],"categories":[36,144,40],"tags":[53,342,84,343,344,345,97,346,340,347,100,348,349,350,39],"_links":{"self":[{"href":"https:\/\/www.decyde.es\/en\/wp-json\/wp\/v2\/posts\/114"}],"collection":[{"href":"https:\/\/www.decyde.es\/en\/wp-json\/wp\/v2\/posts"}],"about":[{"href":"https:\/\/www.decyde.es\/en\/wp-json\/wp\/v2\/types\/post"}],"author":[{"embeddable":true,"href":"https:\/\/www.decyde.es\/en\/wp-json\/wp\/v2\/users\/1"}],"replies":[{"embeddable":true,"href":"https:\/\/www.decyde.es\/en\/wp-json\/wp\/v2\/comments?post=114"}],"version-history":[{"count":0,"href":"https:\/\/www.decyde.es\/en\/wp-json\/wp\/v2\/posts\/114\/revisions"}],"wp:featuredmedia":[{"embeddable":true,"href":"https:\/\/www.decyde.es\/en\/wp-json\/"}],"wp:attachment":[{"href":"https:\/\/www.decyde.es\/en\/wp-json\/wp\/v2\/media?parent=114"}],"wp:term":[{"taxonomy":"category","embeddable":true,"href":"https:\/\/www.decyde.es\/en\/wp-json\/wp\/v2\/categories?post=114"},{"taxonomy":"post_tag","embeddable":true,"href":"https:\/\/www.decyde.es\/en\/wp-json\/wp\/v2\/tags?post=114"}],"curies":[{"name":"wp","href":"https:\/\/api.w.org\/{rel}","templated":true}]}}