{"id":1158,"date":"2015-04-21T17:55:43","date_gmt":"2015-04-21T16:55:43","guid":{"rendered":"http:\/\/viaasesores.es\/?p=1158"},"modified":"2015-04-21T17:55:43","modified_gmt":"2015-04-21T16:55:43","slug":"1158","status":"publish","type":"post","link":"https:\/\/www.decyde.es\/en\/1158\/","title":{"rendered":"Subvenciones tramitadas, subvenciones concedidas, huesecico al plato #ViaDiario Cap008 @ViaAsesores"},"content":{"rendered":"<p style=\"text-align: justify;\">Las buenas noticias siempre son bienvenidas y cuando llegan en forma de subvenci\u00f3n para nuestros clientes, mejor que mejor, en este caso se trata de subvenciones para fomento de autoempleo de dos clientas, esta es una convocatoria permanentemente abierta por el Servicio Regional de Empleo y Formaci\u00f3n de la Regi\u00f3n de Murcia a la que puede accederse cada a\u00f1o en tanto en cuanto hay fondos asignados no consumidos, en determinadas<br \/>\ncircunstancias personales y en el momento de establecerse por cuenta propia, por ser mujer o tener discapacidad, hombres menores de 30, mayores de 45 o desempleados de larga duraci\u00f3n y alg\u00fan supuesto m\u00e1s.<\/p>\n<p style=\"text-align: justify;\">En V\u00eda Asesores estamos muy atentos para tramitar los expedientes en el momento oportuno, igual que<a href=\"http:\/\/viaasesores.es\/wp-content\/uploads\/2015\/04\/Publicidad-A5-Color-e1429635228741.jpg\"><img decoding=\"async\" loading=\"lazy\" class=\"alignright  wp-image-1159\" src=\"http:\/\/viaasesores.es\/wp-content\/uploads\/2015\/04\/Publicidad-A5-Color-e1429635228741.jpg\" alt=\"Publicidad A5 Color\" width=\"360\" height=\"508\" \/><\/a> prestamos\u00a0especial atenci\u00f3n a las subvenciones relacionadas con la econom\u00eda social por creaci\u00f3n de empleo e inversiones en cooperativas y sociedades laborales, por eso en estos momentos prestamos especial atenci\u00f3n a la convocatoria de ayudas a la contrataci\u00f3n indefinida, para formaci\u00f3n y pr\u00e1cticas o conversi\u00f3n de contratos temporales en indefinidos, la cual ser\u00e1 presentada en breve.<\/p>\n<p style=\"text-align: justify;\">Si tienes intenci\u00f3n de comenzar tu andadura por cuenta propia, no dudes y preg\u00fantanos antes, adem\u00e1s de darte el mejor asesoramiento personalizado en cuanto a la mejor manera para comenzar, te daremos informaci\u00f3n y te acompa\u00f1aremos en el tr\u00e1mite de pago \u00fanico del desempleo y\/o de la subvenci\u00f3n a la que fuera posible acceder, nuestra clientas estaban muy contentas hoy, en especial Josefa, que con su minusval\u00eda ha conseguido una ayuda de 9.000 \u20ac que no le van a venir nada mal.<\/p>\n<div style=\"text-align: right;\"><\/div>\n<div style=\"text-align: right;\"><\/div>\n<div style=\"text-align: right;\"><\/div>\n<div style=\"text-align: right;\"><\/div>\n<div style=\"text-align: right;\"><\/div>\n<div style=\"text-align: right;\">Fernando J. Zaplana P\u00e9rez<\/div>\n<div style=\"text-align: right;\"><a href=\"http:\/\/twitter.com\/zaplanaf\">@Zaplanaf<\/a><\/div>\n<div style=\"text-align: right;\"><\/div>\n<div style=\"text-align: right;\">CEO V\u00eda Asesores<br \/>\nDirector Foro Murcia Decyde<br \/>\nGraduado Social colegiado n\u00ba 1670<br \/>\nMiembro REGRAF<br \/>\nMiembro AECE n\u00ba 5305<br \/>\nMaster Asesor\u00eda Fiscal ENAE<\/div>\n<div style=\"text-align: right;\"><\/div>\n<p style=\"text-align: right;\"><a href=\"http:\/\/es.linkedin.com\/in\/fernandozaplana\" target=\"_blank\">es.linkedin.com\/in\/fernandozaplana<\/a><\/p>","protected":false},"excerpt":{"rendered":"<p>Las buenas noticias siempre son bienvenidas y cuando llegan en forma de subvenci\u00f3n para nuestros clientes, mejor que mejor, en este caso se trata de subvenciones para fomento de autoempleo de dos clientas, esta es una convocatoria permanentemente abierta por el Servicio Regional de Empleo y Formaci\u00f3n de la Regi\u00f3n de Murcia a la que [&hellip;]<\/p>","protected":false},"author":1,"featured_media":1159,"comment_status":"open","ping_status":"open","sticky":false,"template":"","format":"standard","meta":[],"categories":[36,470,37,40],"tags":[167,53,298,333,56,261,148,162,95,97,263],"_links":{"self":[{"href":"https:\/\/www.decyde.es\/en\/wp-json\/wp\/v2\/posts\/1158"}],"collection":[{"href":"https:\/\/www.decyde.es\/en\/wp-json\/wp\/v2\/posts"}],"about":[{"href":"https:\/\/www.decyde.es\/en\/wp-json\/wp\/v2\/types\/post"}],"author":[{"embeddable":true,"href":"https:\/\/www.decyde.es\/en\/wp-json\/wp\/v2\/users\/1"}],"replies":[{"embeddable":true,"href":"https:\/\/www.decyde.es\/en\/wp-json\/wp\/v2\/comments?post=1158"}],"version-history":[{"count":0,"href":"https:\/\/www.decyde.es\/en\/wp-json\/wp\/v2\/posts\/1158\/revisions"}],"wp:featuredmedia":[{"embeddable":true,"href":"https:\/\/www.decyde.es\/en\/wp-json\/"}],"wp:attachment":[{"href":"https:\/\/www.decyde.es\/en\/wp-json\/wp\/v2\/media?parent=1158"}],"wp:term":[{"taxonomy":"category","embeddable":true,"href":"https:\/\/www.decyde.es\/en\/wp-json\/wp\/v2\/categories?post=1158"},{"taxonomy":"post_tag","embeddable":true,"href":"https:\/\/www.decyde.es\/en\/wp-json\/wp\/v2\/tags?post=1158"}],"curies":[{"name":"wp","href":"https:\/\/api.w.org\/{rel}","templated":true}]}}