{"id":1345,"date":"2015-05-28T11:50:36","date_gmt":"2015-05-28T10:50:36","guid":{"rendered":"http:\/\/viaasesores.es\/?p=1345"},"modified":"2015-05-28T11:50:36","modified_gmt":"2015-05-28T10:50:36","slug":"subinspector-de-trabajo-busca-prevencion-viadiario-cap031-viaasesores","status":"publish","type":"post","link":"https:\/\/www.decyde.es\/en\/subinspector-de-trabajo-busca-prevencion-viadiario-cap031-viaasesores\/","title":{"rendered":"subInspector de Trabajo busca&#8230;prevenci\u00f3n #ViaDiario Cap031 @ViaAsesores"},"content":{"rendered":"<p style=\"text-align: justify;\">Tener una empresa conlleva obligaciones de car\u00e1cter legal, una de las que genera mayores conflictos suele ser la prevenci\u00f3n de riesgos laborales y sus consecuencias suelen ser no muy agradables, sea porque se produzca un accidente derivado de la falta de medios o bien porque hay una inspecci\u00f3n de trabajo y o bien detectan que no se cumple la aplicaci\u00f3n de medidas o directamente ni tan siquiera se ha realizado la vigilancia obligada.<\/p>\n<p style=\"text-align: justify;\">Habitualmente tenemos pocas incidencias por parte de nuestros clientes, no muchas inspecciones de trabajo y pocas o muy pocas con resultado negativo, la labor de anticipaci\u00f3n es nuestra prioridad, aunque en algunos casos cuesta hacer ver la necesidad o bien realmente cuesta afrontarla por una cuesti\u00f3n puramente econ\u00f3mica, es sabido que la inspecci\u00f3n interviene de oficio o por denuncia, en ocasiones por investigaci\u00f3n de sectores determinados, en otros porque alg\u00fan otro incumplimiento lleva a revisar cumplimientos laborales y de seguridad social, muchas otras por inspecci\u00f3n sobre el terreno y afortunadamente las menos por accidentes acaecidos.<a href=\"http:\/\/viaasesores.es\/wp-content\/uploads\/2013\/05\/viajuridico.jpg\"><img decoding=\"async\" loading=\"lazy\" class=\"alignright wp-image-577 size-medium\" src=\"http:\/\/viaasesores.es\/wp-content\/uploads\/2013\/05\/viajuridico-300x140.jpg\" alt=\"viajuridico\" width=\"300\" height=\"140\" \/><\/a><\/p>\n<p style=\"text-align: justify;\">Cuando nos entran requerimientos, lo primero es situarse y recabar informaci\u00f3n actualizada de nuestro cliente, esta semana precisamente trabajamos con un par de expedientes, pero lo principal es saber por d\u00f3nde caminan los inspectores, hasta la fecha la actuaci\u00f3n de la Inspecci\u00f3n de Trabajo y Seguridad Social en materia de Prevenci\u00f3n de Riesgos Laborales la llevaban a cabo \u00fanicamente los Inspectores de trabajo pero en breve est\u00e1n comentando que las competencias se van a extender a los subinspectores que hasta ahora en sus actuaciones \u00fanicamente solicitaban documentaci\u00f3n de contrataci\u00f3n y no Prevenci\u00f3n.<\/p>\n<p style=\"text-align: justify;\">Con este nuevo cambio es importante que todas las empresas y aut\u00f3nomos con trabajadores a su cargo tengan cubierta la Prevenci\u00f3n de Riesgos Laborales para evitar futuras sanciones, que dependiendo de la gravedad y reincidencia de la infracci\u00f3n pueden llegar hasta los 819.780\u20ac, al cierre del centro de trabajo o acordar la suspensi\u00f3n de la actividades laborales.<\/p>\n<p style=\"text-align: justify;\">Estos funcionarios p\u00fablicos desarrollaran las funciones de comprobaci\u00f3n y control en las empresas y centros de trabajo (art. 9.3 de la Ley 31\/1995, de 8 de noviembre en Prevenci\u00f3n de Riesgos Laborales), la actuaci\u00f3n inspectora se desarrollara mediante visita de Inspecci\u00f3n a los centros de trabajo sin previo aviso pero tambi\u00e9n se puede realizar de oficio enviando a los asesores el requerimiento de la documentaci\u00f3n para aportar al Inspector.<\/p>\n<p style=\"text-align: justify;\">Aunque si trabajas con nosotros y sigues nuestras recomendaciones, puedes tener la tranquilidad de que nos preocupamos por tu tranquilidad, que es la seguridad de tu negocio.<\/p>\n<p style=\"text-align: justify;\">Asesor\u00eda Jur\u00eddico Laboral <a href=\"http:\/\/viaasesores.es\/asesoria-juridico-laboral\/\">http:\/\/viaasesores.es\/asesoria-juridico-laboral\/<\/a><\/p>\n<div style=\"text-align: right;\">Fernando J. Zaplana P\u00e9rez<\/div>\n<div style=\"text-align: right;\">@Zaplanaf<br \/>\nCEO V\u00eda Asesores<br \/>\nDirector Foro Murcia Decyde<br \/>\nGraduado Social colegiado n\u00ba 1670<br \/>\nMiembro REGRAF<br \/>\nMiembro AECE n\u00ba 5305<br \/>\nMaster Asesor\u00eda Fiscal ENAE<\/div>\n<div style=\"text-align: right;\"><\/div>\n<p style=\"text-align: right;\"><a href=\"http:\/\/es.linkedin.com\/in\/fernandozaplana\" target=\"_blank\">es.linkedin.com\/in\/fernandozaplana <\/a><\/p>","protected":false},"excerpt":{"rendered":"<p>Tener una empresa conlleva obligaciones de car\u00e1cter legal, una de las que genera mayores conflictos suele ser la prevenci\u00f3n de riesgos laborales y sus consecuencias suelen ser no muy agradables, sea porque se produzca un accidente derivado de la falta de medios o bien porque hay una inspecci\u00f3n de trabajo y o bien detectan que [&hellip;]<\/p>","protected":false},"author":1,"featured_media":577,"comment_status":"open","ping_status":"open","sticky":false,"template":"","format":"standard","meta":[],"categories":[36,470,37,40],"tags":[293,148,162,91,100,147,270,39,143],"_links":{"self":[{"href":"https:\/\/www.decyde.es\/en\/wp-json\/wp\/v2\/posts\/1345"}],"collection":[{"href":"https:\/\/www.decyde.es\/en\/wp-json\/wp\/v2\/posts"}],"about":[{"href":"https:\/\/www.decyde.es\/en\/wp-json\/wp\/v2\/types\/post"}],"author":[{"embeddable":true,"href":"https:\/\/www.decyde.es\/en\/wp-json\/wp\/v2\/users\/1"}],"replies":[{"embeddable":true,"href":"https:\/\/www.decyde.es\/en\/wp-json\/wp\/v2\/comments?post=1345"}],"version-history":[{"count":0,"href":"https:\/\/www.decyde.es\/en\/wp-json\/wp\/v2\/posts\/1345\/revisions"}],"wp:featuredmedia":[{"embeddable":true,"href":"https:\/\/www.decyde.es\/en\/wp-json\/"}],"wp:attachment":[{"href":"https:\/\/www.decyde.es\/en\/wp-json\/wp\/v2\/media?parent=1345"}],"wp:term":[{"taxonomy":"category","embeddable":true,"href":"https:\/\/www.decyde.es\/en\/wp-json\/wp\/v2\/categories?post=1345"},{"taxonomy":"post_tag","embeddable":true,"href":"https:\/\/www.decyde.es\/en\/wp-json\/wp\/v2\/tags?post=1345"}],"curies":[{"name":"wp","href":"https:\/\/api.w.org\/{rel}","templated":true}]}}