{"id":1384,"date":"2015-06-08T12:47:07","date_gmt":"2015-06-08T11:47:07","guid":{"rendered":"http:\/\/viaasesores.es\/?p=1384"},"modified":"2015-06-08T12:47:07","modified_gmt":"2015-06-08T11:47:07","slug":"15-aniversario-viaasesores-via15a-en-emprenderfacil-empf232-viadiario-cap034","status":"publish","type":"post","link":"https:\/\/www.decyde.es\/en\/15-aniversario-viaasesores-via15a-en-emprenderfacil-empf232-viadiario-cap034\/","title":{"rendered":"15 aniversario @ViaAsesores #Via15A en @EmprenderFacil #EmpF232 #ViaDiario Cap035"},"content":{"rendered":"<p style=\"text-align: justify;\">2015 est\u00e1 siendo un buen a\u00f1o de trabajo, lo comenzamos a tope como siempre, con la presentaci\u00f3n de impuestos del 4\u00ba trimestre y las declaraciones informativas resumen del a\u00f1o, pero el momento especial fue poder impartir un <strong>taller en Madrid<\/strong> sobre <strong>fiscalidad<\/strong> y <strong>cotizaciones<\/strong> del <strong>aut\u00f3nomo<\/strong> y adem\u00e1s en un evento tan importante como el <strong>Sal\u00f3n MiEmpresa #SME2015<\/strong> que se celebra cada a\u00f1o en el <strong>Palacio de los Deportes<\/strong> de la capital.<\/p>\n<p style=\"text-align: justify;\">Un placer poder ofrecer tus conocimientos de esta forma y aunque contamos con un buen n\u00famero de <strong>clientes en Madrid<\/strong>, era la primera incursi\u00f3n p\u00fablica, saldada de forma exitosa, con una sala repleta y gran cantidad de preguntas formuladas, hasta el punto de sobrepasar el horario fijado, esperamos poder repetir en 2016.<a href=\"http:\/\/viaasesores.es\/wp-content\/uploads\/2015\/06\/sme2015.jpg\"><img decoding=\"async\" loading=\"lazy\" class=\"wp-image-1386 aligncenter\" src=\"http:\/\/viaasesores.es\/wp-content\/uploads\/2015\/06\/sme2015-1024x576.jpg\" alt=\"sme2015\" width=\"485\" height=\"273\" \/><\/a><\/p>\n<p style=\"text-align: justify;\">Para continuar con un a\u00f1o 2015 especial, el pasado martes <strong>2 de Junio<\/strong> celebramos nuestro <strong>15 aniversario V\u00eda Asesores<\/strong>\u00a0en una jornada informativa para clientes y colaboradores en la que expusimos diferentes propuestas que conforman nuestro nuevo plan de servicio denominado <strong>#Decyde360<\/strong> que a\u00fana <strong>Gesti\u00f3n+Creatividad<\/strong>, al final tienes\u00a0enlace al audio del \u00faltimo<strong> Emprender es F\u00e1cil<\/strong> en <strong>Cope Murcia<\/strong>\u00a0en el que hablamos del<strong> #Via15A<\/strong><\/p>\n<p style=\"text-align: justify;\">El desarrollo de la idea parte desde el concepto de<strong> servicio integral<\/strong>, hace tiempo adoptamos al\u00a0<strong>hombre de Vitrubio de Leonardo<\/strong> como s\u00edmbolo\u00a0a\u00f1adido a nuestro logo, lo cual es una declaraci\u00f3n de intenciones, puesto que representa las proporci\u00f3n perfecta, en este momento avanzamos pensando en la divisi\u00f3n de servicios, al igual que los hemisferios cerebrales se reparten y dividen lo <strong>racional<\/strong> y lo <strong>irracional<\/strong>, en <strong>Decyde360<\/strong> repartimos <strong>servicios de gesti\u00f3n, como asesor\u00eda, servicios jur\u00eddicos y t\u00e9cnicos<\/strong> y <strong>servicios de creatividad, como comunicaci\u00f3n, dise\u00f1o web, imagen corporativa o marketing<\/strong>, pero que se\u00a0complementan para dar el todo, esto trasladado a empresas y entidades con servicios de gesti\u00f3n y creatividad, que al final ofrecen un <strong>servicio integral 360 personalizado.<\/strong><\/p>\n<p style=\"text-align: justify;\">Si tienes inter\u00e9s en los temas tratados, este fue el programa de las jornadas, para m\u00e1s informaci\u00f3n estamos a tu disposici\u00f3n, en el tfno 868 954 838, email viaasesores@viaasesores, twitter <a href=\"http:\/\/twitter.com\/ViaAsesores\">@ViaAsesores<\/a> o <a href=\"http:\/\/www.facebook.com\/ViaAsesoresMurcia\">facebook.com\/ViaAsesoresMurcia<\/a><\/p>\n<p style=\"text-align: justify;\"><strong>Programa #Via15A 15 <span class=\"il\">aniversario<\/span> V\u00eda Asesores<\/strong><\/p>\n\n<p><a title=\"15 Aniversario @ViaAsesores en @EmprenderFacil #EmpF232\" href=\"http:\/\/www.ivoox.com\/15-aniversario-aviaasesores-aemprenderfacil-empf232-audios-mp3_rf_4609094_1.html\">Ir a descargar<\/a><\/p>\n<div><b>mesa 1<\/b>.- 17,00h-17,30h.\u00a0<b>Motivaci\u00f3n para cambiar y adaptarse, formaci\u00f3n como medio para crear y gestionar empresa<\/b><\/div>\n<div><\/div>\n<div>A cargo del coach\u00a0<b>Yvan Conejero<\/b>\u00a0y\u00a0<b>Arturo Berzosa<\/b>, director de la EEN<\/div>\n<div><\/div>\n<div><b>mesa 2<\/b>.- 17,30h-18h.\u00a0<b>Financiaci\u00f3n de proyectos, fiscalidad y nuevas tecnolog\u00edas<\/b><\/div>\n<div><\/div>\n<div>A cargo de\u00a0<b>Andr\u00e9s Romero<\/b>, de\u00a0<b>Startup factory<\/b>\u00a0y\u00a0<b>Fernando Zaplana<\/b>, de V\u00eda Asesores<\/div>\n<div><\/div>\n<div><b>Mesa 3<\/b>.- 4.- 18h-18,30h\u00a0<b>El aut\u00f3nomo, cotizaci\u00f3n, subvenciones, protecci\u00f3n, riesgos, coberturas<\/b><\/div>\n<div><\/div>\n<div>A cargo de\u00a0<b>Pablo Baeza<\/b>\u00a0de Seguros Velez y\u00a0<b>Mayte Beltran<\/b>, de v\u00eda Asesores<\/div>\n<div><\/div>\n<div><b>Descanso.-<\/b> 18,30h-18,45h. Coffee Break<\/div>\n<div><\/div>\n<div><b>Mesa 4<\/b>.- 18,45h-19,15h.\u00a0<b>Captaci\u00f3n y fidelizaci\u00f3n de clientes: App personalizadas y videomarketing\u00a0<\/b><\/div>\n<div><\/div>\n<div>A cargo de<b>\u00a0Arturo Soler<\/b>, de Agromarketing y\u00a0<b>Pablo Zon<\/b>, de El Plan del Mono<\/div>\n<div><\/div>\n<div><b>Mesa 5<\/b>.- 19,15h-19,45h. <b>Encontrar al cliente en la red, marketing online, Comercio Electr\u00f3nico, TIC e Innovaci\u00f3n<\/b><\/div>\n<div><\/div>\n<div>A cargo de <b>Juan Celdran<\/b>, de Foro Digital<b>\u00a0<\/b>y <b>Juanfra Abad<\/b>, de Innovar Ligero<\/div>\n<div><\/div>\n<div><b>Networking<\/b>.- 19,45h-20,30h Una cervecita, un saladito, una empanadilla&#8230;<\/div>\n<div><\/div>\n<div><iframe loading=\"lazy\" id=\"audio_4609094\" style=\"border: 1px solid #EEE; box-sizing: border-box; width: 100%;\" src=\"https:\/\/www.ivoox.com\/player_ej_4609094_4_1.html?c1=ff6600\" width=\"300\" height=\"200\" frameborder=\"0\" scrolling=\"no\" allowfullscreen=\"allowfullscreen\"><\/iframe><\/div>","protected":false},"excerpt":{"rendered":"<p>2015 est\u00e1 siendo un buen a\u00f1o de trabajo, lo comenzamos a tope como siempre, con la presentaci\u00f3n de impuestos del 4\u00ba trimestre y las declaraciones informativas resumen del a\u00f1o, pero el momento especial fue poder impartir un taller en Madrid sobre fiscalidad y cotizaciones del aut\u00f3nomo y adem\u00e1s en un evento tan importante como el [&hellip;]<\/p>","protected":false},"author":1,"featured_media":1385,"comment_status":"open","ping_status":"open","sticky":false,"template":"","format":"standard","meta":[],"categories":[36,38,474,470,481,141,482,37,40],"tags":[148,162,91,97,147,39,143],"_links":{"self":[{"href":"https:\/\/www.decyde.es\/en\/wp-json\/wp\/v2\/posts\/1384"}],"collection":[{"href":"https:\/\/www.decyde.es\/en\/wp-json\/wp\/v2\/posts"}],"about":[{"href":"https:\/\/www.decyde.es\/en\/wp-json\/wp\/v2\/types\/post"}],"author":[{"embeddable":true,"href":"https:\/\/www.decyde.es\/en\/wp-json\/wp\/v2\/users\/1"}],"replies":[{"embeddable":true,"href":"https:\/\/www.decyde.es\/en\/wp-json\/wp\/v2\/comments?post=1384"}],"version-history":[{"count":0,"href":"https:\/\/www.decyde.es\/en\/wp-json\/wp\/v2\/posts\/1384\/revisions"}],"wp:featuredmedia":[{"embeddable":true,"href":"https:\/\/www.decyde.es\/en\/wp-json\/"}],"wp:attachment":[{"href":"https:\/\/www.decyde.es\/en\/wp-json\/wp\/v2\/media?parent=1384"}],"wp:term":[{"taxonomy":"category","embeddable":true,"href":"https:\/\/www.decyde.es\/en\/wp-json\/wp\/v2\/categories?post=1384"},{"taxonomy":"post_tag","embeddable":true,"href":"https:\/\/www.decyde.es\/en\/wp-json\/wp\/v2\/tags?post=1384"}],"curies":[{"name":"wp","href":"https:\/\/api.w.org\/{rel}","templated":true}]}}