{"id":163,"date":"2011-02-24T14:31:00","date_gmt":"2011-02-24T13:31:00","guid":{"rendered":"http:\/\/viaasesores.es\/2011\/02\/24\/resena-charla-twicodel-con-melchor-miralles\/"},"modified":"2011-02-24T14:31:00","modified_gmt":"2011-02-24T13:31:00","slug":"resena-charla-twicodel-con-melchor-miralles","status":"publish","type":"post","link":"https:\/\/www.decyde.es\/en\/resena-charla-twicodel-con-melchor-miralles\/","title":{"rendered":"RESE\u00d1A CHARLA #TWICODEL con Melchor Miralles"},"content":{"rendered":"<div><a href=\"http:\/\/2.bp.blogspot.com\/-ODkkTeMUcGQ\/TWZdlaqWN1I\/AAAAAAAAAO8\/nyVe3hdDV7M\/s1600\/melchor.bmp\" imageanchor=\"1\"><img decoding=\"async\" loading=\"lazy\" border=\"0\" height=\"213\" l6=\"true\" src=\"http:\/\/2.bp.blogspot.com\/-ODkkTeMUcGQ\/TWZdlaqWN1I\/AAAAAAAAAO8\/nyVe3hdDV7M\/s320\/melchor.bmp\" width=\"320\"><\/a><\/div>\n<p>El periodista y comentarista pol\u00edtico Melchor Miralles (Madrid, 1958) particip\u00f3 el pasado 19 de enero de 2011 en Murcia el encuentro profesional \u201cTwitter, Comunicaci\u00f3n y Deporte de \u00c9lite\u201d, organizado por Fernando Zaplana Consulting. Durante dos horas y media repas\u00f3 su carrera period\u00edstica en medi &#8230;os nacionale &#8230;s, en particular: Diario 16, El Mundo, Antena 3, Veo7 y Telecinco.<\/p>\n<p>Ante un auditorio cerrado compuesto por profesionales del mundo de la empresa y el periodismo de la Regi\u00f3n, Miralles ahond\u00f3 en su per\u00edodo como m\u00e1ximo responsable de la secci\u00f3n de baloncesto del Real Madrid bajo el mandato de Ram\u00f3n Calder\u00f3n. A su juicio, hoy d\u00eda es estrictamente necesario \u201cobrar un cambio en el modelo de negocio de las estructuras deportivas de los clubes de f\u00fatbol y baloncesto en el \u00e1mbito nacional\u201d.<\/p>\n<p>Miralles, al que leen diariamente a trav\u00e9s de su blog m\u00e1s de 30.000 personas, declar\u00f3 su pasi\u00f3n hacia las redes sociales y las nuevas tecnolog\u00edas. \u201cIntento ser un contempor\u00e1neo, porque considero que con el tiempo las personas llegar\u00e1n a ser medios de comunicaci\u00f3n por s\u00ed mismas\u201d, apunt\u00f3.<\/p>\n<p>El periodista madrile\u00f1o predica con el ejemplo, pues se ha convertido en una de las diez personalidades m\u00e1s seguidas en Espa\u00f1a a trav\u00e9s de Twitter, en donde acumula m\u00e1s de 10.000 seguidores. Un encuentro organizado en el Hotel Novotel y que sirvi\u00f3 para reflexionar acerca de la influencia de las redes sociales en el \u00e1mbito de la empresa, el deporte y las nuevas formas de comunicaci\u00f3n.<\/p>\n<p>M\u00e1s informaci\u00f3n en www.fernandozaplanaconsulting.com<\/p>\n<p>Reportaje fotogr\u00e1fico evento: Twicodel con Melchor Miralles <\/p>\n<p>http:\/\/www.vicsoriano.com\/blog\/2011\/01\/reportaje-fotografico-evento-twicodel-con-melchor-miralles\/Ver m\u00e1s<\/p>","protected":false},"excerpt":{"rendered":"<p>El periodista y comentarista pol\u00edtico Melchor Miralles (Madrid, 1958) particip\u00f3 el pasado 19 de enero de 2011 en Murcia el encuentro profesional \u201cTwitter, Comunicaci\u00f3n y Deporte de \u00c9lite\u201d, organizado por Fernando Zaplana Consulting. Durante dos horas y media repas\u00f3 su carrera period\u00edstica en medi &#8230;os nacionale &#8230;s, en particular: Diario 16, El Mundo, Antena 3, [&hellip;]<\/p>","protected":false},"author":1,"featured_media":0,"comment_status":"open","ping_status":"open","sticky":false,"template":"","format":"standard","meta":[],"categories":[16],"tags":[],"_links":{"self":[{"href":"https:\/\/www.decyde.es\/en\/wp-json\/wp\/v2\/posts\/163"}],"collection":[{"href":"https:\/\/www.decyde.es\/en\/wp-json\/wp\/v2\/posts"}],"about":[{"href":"https:\/\/www.decyde.es\/en\/wp-json\/wp\/v2\/types\/post"}],"author":[{"embeddable":true,"href":"https:\/\/www.decyde.es\/en\/wp-json\/wp\/v2\/users\/1"}],"replies":[{"embeddable":true,"href":"https:\/\/www.decyde.es\/en\/wp-json\/wp\/v2\/comments?post=163"}],"version-history":[{"count":0,"href":"https:\/\/www.decyde.es\/en\/wp-json\/wp\/v2\/posts\/163\/revisions"}],"wp:attachment":[{"href":"https:\/\/www.decyde.es\/en\/wp-json\/wp\/v2\/media?parent=163"}],"wp:term":[{"taxonomy":"category","embeddable":true,"href":"https:\/\/www.decyde.es\/en\/wp-json\/wp\/v2\/categories?post=163"},{"taxonomy":"post_tag","embeddable":true,"href":"https:\/\/www.decyde.es\/en\/wp-json\/wp\/v2\/tags?post=163"}],"curies":[{"name":"wp","href":"https:\/\/api.w.org\/{rel}","templated":true}]}}