{"id":166,"date":"2011-01-03T17:20:00","date_gmt":"2011-01-03T16:20:00","guid":{"rendered":"http:\/\/viaasesores.es\/2011\/01\/03\/jornada-profesionaltwitter-comunicacion-deporte-de-elite-con\/"},"modified":"2011-01-03T17:20:00","modified_gmt":"2011-01-03T16:20:00","slug":"jornada-profesionaltwitter-comunicacion-deporte-de-elite-con","status":"publish","type":"post","link":"https:\/\/www.decyde.es\/en\/jornada-profesionaltwitter-comunicacion-deporte-de-elite-con\/","title":{"rendered":"Jornada Profesional:\u00bbTwitter, Comunicaci\u00f3n, Deporte de Elite con&#8230;\u00bb"},"content":{"rendered":"<div><a href=\"http:\/\/3.bp.blogspot.com\/_tF_CpaWGiFA\/TSH2428sA4I\/AAAAAAAAAOY\/VorEfi5_eGo\/s1600\/portada+manual.jpg\" imageanchor=\"1\"><img decoding=\"async\" loading=\"lazy\" border=\"0\" height=\"200\" n4=\"true\" src=\"http:\/\/3.bp.blogspot.com\/_tF_CpaWGiFA\/TSH2428sA4I\/AAAAAAAAAOY\/VorEfi5_eGo\/s200\/portada+manual.jpg\" width=\"141\"><\/a><\/div>\n<div><strong>El 19 Enero nos acompa\u00f1ara un invitado muy especial. Fernando Zaplana Consulting organiza una jornada profesional a la que asistir\u00e1n como invitados una amplia representaci\u00f3n de los medios de comunicaci\u00f3n y del mundo empresarial de Murcia, todos ellos relacionados con el Deporte y con Twitter.<\/strong><\/div>\n<p><\/p>\n<div>En la jornada realizaremos una charla-coloquio\/mesa redonda con un destacado periodista con el cual podremos intercambiar impresiones y tener una animada charla sobre los temas sobre los que versa la jornada profesional.<a href=\"http:\/\/4.bp.blogspot.com\/_tF_CpaWGiFA\/TSH2qfhRH6I\/AAAAAAAAAOU\/cfjI9Gpgsco\/s1600\/zaplana+logo.jpg\" imageanchor=\"1\"><img decoding=\"async\" loading=\"lazy\" border=\"0\" height=\"141\" n4=\"true\" src=\"http:\/\/4.bp.blogspot.com\/_tF_CpaWGiFA\/TSH2qfhRH6I\/AAAAAAAAAOU\/cfjI9Gpgsco\/s200\/zaplana+logo.jpg\" width=\"200\"><\/a><\/div>\n<div><\/div>\n<div>La asistencia es absolutamente gratuita y est\u00e1 limitada a un muy reducido n\u00famero de personas escogidas e invitadas de forma personal e intrasferible.<\/div>","protected":false},"excerpt":{"rendered":"<p>El 19 Enero nos acompa\u00f1ara un invitado muy especial. Fernando Zaplana Consulting organiza una jornada profesional a la que asistir\u00e1n como invitados una amplia representaci\u00f3n de los medios de comunicaci\u00f3n y del mundo empresarial de Murcia, todos ellos relacionados con el Deporte y con Twitter. En la jornada realizaremos una charla-coloquio\/mesa redonda con un destacado [&hellip;]<\/p>","protected":false},"author":1,"featured_media":0,"comment_status":"open","ping_status":"open","sticky":false,"template":"","format":"standard","meta":[],"categories":[16],"tags":[],"_links":{"self":[{"href":"https:\/\/www.decyde.es\/en\/wp-json\/wp\/v2\/posts\/166"}],"collection":[{"href":"https:\/\/www.decyde.es\/en\/wp-json\/wp\/v2\/posts"}],"about":[{"href":"https:\/\/www.decyde.es\/en\/wp-json\/wp\/v2\/types\/post"}],"author":[{"embeddable":true,"href":"https:\/\/www.decyde.es\/en\/wp-json\/wp\/v2\/users\/1"}],"replies":[{"embeddable":true,"href":"https:\/\/www.decyde.es\/en\/wp-json\/wp\/v2\/comments?post=166"}],"version-history":[{"count":0,"href":"https:\/\/www.decyde.es\/en\/wp-json\/wp\/v2\/posts\/166\/revisions"}],"wp:attachment":[{"href":"https:\/\/www.decyde.es\/en\/wp-json\/wp\/v2\/media?parent=166"}],"wp:term":[{"taxonomy":"category","embeddable":true,"href":"https:\/\/www.decyde.es\/en\/wp-json\/wp\/v2\/categories?post=166"},{"taxonomy":"post_tag","embeddable":true,"href":"https:\/\/www.decyde.es\/en\/wp-json\/wp\/v2\/tags?post=166"}],"curies":[{"name":"wp","href":"https:\/\/api.w.org\/{rel}","templated":true}]}}