{"id":172,"date":"2010-02-24T20:00:00","date_gmt":"2010-02-24T19:00:00","guid":{"rendered":"http:\/\/viaasesores.es\/2010\/02\/24\/iva-del-alquiler-del-local-en-el-que-vamos-a-ejercer-nuestra-actividad-como-fundacion\/"},"modified":"2010-02-24T20:00:00","modified_gmt":"2010-02-24T19:00:00","slug":"iva-del-alquiler-del-local-en-el-que-vamos-a-ejercer-nuestra-actividad-como-fundacion","status":"publish","type":"post","link":"https:\/\/www.decyde.es\/en\/iva-del-alquiler-del-local-en-el-que-vamos-a-ejercer-nuestra-actividad-como-fundacion\/","title":{"rendered":"IVA del alquiler del local en el que vamos a ejercer nuestra actividad como Fundaci\u00f3n"},"content":{"rendered":"<p><strong>Vamos a alquilar un local para ejercer nuestra actividad como Fundaci\u00f3n, \u00bfel contrato debe llevar IVA?. Y ese IVA, \u00bfes deducible para nosotros o forma parte del gasto?. <\/strong><\/p>\n<p>La factura ser\u00eda del precio acordado (base imponible), se le sumar\u00eda el IVA (16% ahora, a partir 1 julio el 18%) y se le restar\u00eda la retenci\u00f3n (19%), pagando la diferencia a los propietarios.<\/p>\n<p>Trimestralmente la asociaci\u00f3n tendr\u00eda que ingresar a la AEAT el 19% de retenci\u00f3n no pagado al propietario.<\/p>\n<p>El IVA es deducible s\u00f3lo en proporci\u00f3n a la prorrata, si no se generan ingresos con IVA, normalmente no se podr\u00e1 deducir y ser\u00e1 un mayor coste.<\/p>","protected":false},"excerpt":{"rendered":"<p>Vamos a alquilar un local para ejercer nuestra actividad como Fundaci\u00f3n, \u00bfel contrato debe llevar IVA?. Y ese IVA, \u00bfes deducible para nosotros o forma parte del gasto?. La factura ser\u00eda del precio acordado (base imponible), se le sumar\u00eda el IVA (16% ahora, a partir 1 julio el 18%) y se le restar\u00eda la retenci\u00f3n [&hellip;]<\/p>","protected":false},"author":1,"featured_media":0,"comment_status":"open","ping_status":"open","sticky":false,"template":"","format":"standard","meta":[],"categories":[16],"tags":[],"_links":{"self":[{"href":"https:\/\/www.decyde.es\/en\/wp-json\/wp\/v2\/posts\/172"}],"collection":[{"href":"https:\/\/www.decyde.es\/en\/wp-json\/wp\/v2\/posts"}],"about":[{"href":"https:\/\/www.decyde.es\/en\/wp-json\/wp\/v2\/types\/post"}],"author":[{"embeddable":true,"href":"https:\/\/www.decyde.es\/en\/wp-json\/wp\/v2\/users\/1"}],"replies":[{"embeddable":true,"href":"https:\/\/www.decyde.es\/en\/wp-json\/wp\/v2\/comments?post=172"}],"version-history":[{"count":0,"href":"https:\/\/www.decyde.es\/en\/wp-json\/wp\/v2\/posts\/172\/revisions"}],"wp:attachment":[{"href":"https:\/\/www.decyde.es\/en\/wp-json\/wp\/v2\/media?parent=172"}],"wp:term":[{"taxonomy":"category","embeddable":true,"href":"https:\/\/www.decyde.es\/en\/wp-json\/wp\/v2\/categories?post=172"},{"taxonomy":"post_tag","embeddable":true,"href":"https:\/\/www.decyde.es\/en\/wp-json\/wp\/v2\/tags?post=172"}],"curies":[{"name":"wp","href":"https:\/\/api.w.org\/{rel}","templated":true}]}}