{"id":1732,"date":"2015-11-30T14:44:38","date_gmt":"2015-11-30T13:44:38","guid":{"rendered":"http:\/\/viaasesores.es\/?p=1732"},"modified":"2015-11-30T14:44:38","modified_gmt":"2015-11-30T13:44:38","slug":"la-exclusividad-de-gloriaca-diseno-hecho-en-murcia-emprenderfacil-empf310-viadiario-cap072","status":"publish","type":"post","link":"https:\/\/www.decyde.es\/en\/la-exclusividad-de-gloriaca-diseno-hecho-en-murcia-emprenderfacil-empf310-viadiario-cap072\/","title":{"rendered":"La exclusividad de Gloriaca, dise\u00f1o hecho en #Murcia @EmprenderFacil #EmpF310 #ViaDiario Cap072"},"content":{"rendered":"<p style=\"text-align: justify;\">Comenzamos comentando que comienza en Madrid la 7\u00aa edici\u00f3n de FICOD feria de los contenidos digitales.<\/p>\n<p style=\"text-align: justify;\">Hablamos de innovaci\u00f3n, esta vez de aqu\u00ed, Coonectio , la soluci\u00f3n final para crear, controlar y optimizar campa\u00f1as de micro-localizaci\u00f3n, elegida para la fase final de #IBM#SMARTCAMP2015.<\/p>\n<p style=\"text-align: justify;\">Y como Referencia de la semana invitamos a Gloria y Susana Olmos, que nos muestran sus bolsos \u00fanicos y nos hablan de su marca Gloriaca, la exclusividad puede dise\u00f1arse en Murcia y ellas lo demuestran.<\/p>\n<p style=\"text-align: justify;\">Y como cada lunes en la Radio del Autoempleo, finalizamos con una Excusa para no Autoemplearse extraida del libro No busques trabajo de Risto Mejide, el cual nos dice que La competencia es cada vez m\u00e1s dura como excusa para no dar un paso adelante<\/p>\n<p><iframe loading=\"lazy\" id=\"audio_9549405\" style=\"border: 1px solid #EEE; box-sizing: border-box; width: 100%;\" src=\"https:\/\/www.ivoox.com\/player_ej_9549405_4_1.html?c1=ff6600\" width=\"300\" height=\"200\" frameborder=\"0\" scrolling=\"no\" allowfullscreen=\"allowfullscreen\"><\/iframe><\/p>","protected":false},"excerpt":{"rendered":"<p>Comenzamos comentando que comienza en Madrid la 7\u00aa edici\u00f3n de FICOD feria de los contenidos digitales. Hablamos de innovaci\u00f3n, esta vez de aqu\u00ed, Coonectio , la soluci\u00f3n final para crear, controlar y optimizar campa\u00f1as de micro-localizaci\u00f3n, elegida para la fase final de #IBM#SMARTCAMP2015. Y como Referencia de la semana invitamos a Gloria y Susana Olmos, [&hellip;]<\/p>","protected":false},"author":1,"featured_media":1733,"comment_status":"open","ping_status":"open","sticky":false,"template":"","format":"standard","meta":[],"categories":[36,501,481,37,40],"tags":[510,167,511,512,84,85,513,90,91,514,224,515,158,516,517],"_links":{"self":[{"href":"https:\/\/www.decyde.es\/en\/wp-json\/wp\/v2\/posts\/1732"}],"collection":[{"href":"https:\/\/www.decyde.es\/en\/wp-json\/wp\/v2\/posts"}],"about":[{"href":"https:\/\/www.decyde.es\/en\/wp-json\/wp\/v2\/types\/post"}],"author":[{"embeddable":true,"href":"https:\/\/www.decyde.es\/en\/wp-json\/wp\/v2\/users\/1"}],"replies":[{"embeddable":true,"href":"https:\/\/www.decyde.es\/en\/wp-json\/wp\/v2\/comments?post=1732"}],"version-history":[{"count":0,"href":"https:\/\/www.decyde.es\/en\/wp-json\/wp\/v2\/posts\/1732\/revisions"}],"wp:featuredmedia":[{"embeddable":true,"href":"https:\/\/www.decyde.es\/en\/wp-json\/"}],"wp:attachment":[{"href":"https:\/\/www.decyde.es\/en\/wp-json\/wp\/v2\/media?parent=1732"}],"wp:term":[{"taxonomy":"category","embeddable":true,"href":"https:\/\/www.decyde.es\/en\/wp-json\/wp\/v2\/categories?post=1732"},{"taxonomy":"post_tag","embeddable":true,"href":"https:\/\/www.decyde.es\/en\/wp-json\/wp\/v2\/tags?post=1732"}],"curies":[{"name":"wp","href":"https:\/\/api.w.org\/{rel}","templated":true}]}}