{"id":1810,"date":"2015-12-22T13:44:28","date_gmt":"2015-12-22T12:44:28","guid":{"rendered":"http:\/\/viaasesores.es\/?p=1810"},"modified":"2015-12-22T13:44:28","modified_gmt":"2015-12-22T12:44:28","slug":"administracion-de-fincas-2-0-el-futuro-ya-esta-aqui-emprenderfacil-en-cope_murcia-empf312-viadiario-cap077","status":"publish","type":"post","link":"https:\/\/www.decyde.es\/en\/administracion-de-fincas-2-0-el-futuro-ya-esta-aqui-emprenderfacil-en-cope_murcia-empf312-viadiario-cap077\/","title":{"rendered":"Administraci\u00f3n de Fincas 2.0 el futuro ya est\u00e1 aqu\u00ed @EmprenderFacil en @Cope_Murcia #EmpF312 #ViaDiario Cap077"},"content":{"rendered":"<p>Comenzamos Emprender es F\u00e1cil 3.12 en Cope Murcia dando una noticia positiva, en este caso el incremento de exportaciones de productos de Murcia a Canada y la preparaci\u00f3n por el Instituto de Fomento de una nueva misi\u00f3n comercial a este pa\u00eds norteamericano.<\/p>\n<p>En innovaci\u00f3n de aqu\u00ed y de all\u00e1 presentamos el proyecto europeo Lifecritus de reciclado y reutilizaci\u00f3n de restos c\u00edtricos en el que participan el Centro de la Conserva y varias empresas de Murcia.<\/p>\n<p>Nuestra referencia de la semana es Antonio Javier Gil, que nos presenta Venue, la administraci\u00f3n de fincas 2.0, una nueva forma de trabajar con los propietarios basada en la transparencia y la comunicaci\u00f3n activa en redes sociales.<\/p>\n<p>Cerramos con una nueva excusa para no Auto emplearse, que si te animas a crear tu empresa no sea porque no te hemos dado excusas para no hacerlo \ud83d\ude09<\/p>\n<p><iframe loading=\"lazy\" id=\"audio_9812369\" style=\"border: 1px solid #EEE; box-sizing: border-box; width: 100%;\" src=\"https:\/\/www.ivoox.com\/player_ej_9812369_4_1.html?c1=ff6600\" width=\"300\" height=\"200\" frameborder=\"0\" scrolling=\"no\" allowfullscreen=\"allowfullscreen\"><\/iframe><\/p>","protected":false},"excerpt":{"rendered":"<p>Comenzamos Emprender es F\u00e1cil 3.12 en Cope Murcia dando una noticia positiva, en este caso el incremento de exportaciones de productos de Murcia a Canada y la preparaci\u00f3n por el Instituto de Fomento de una nueva misi\u00f3n comercial a este pa\u00eds norteamericano. En innovaci\u00f3n de aqu\u00ed y de all\u00e1 presentamos el proyecto europeo Lifecritus de [&hellip;]<\/p>","protected":false},"author":1,"featured_media":1811,"comment_status":"open","ping_status":"open","sticky":false,"template":"","format":"standard","meta":[],"categories":[36,501,481,37,40],"tags":[536,84,528,158,357],"_links":{"self":[{"href":"https:\/\/www.decyde.es\/en\/wp-json\/wp\/v2\/posts\/1810"}],"collection":[{"href":"https:\/\/www.decyde.es\/en\/wp-json\/wp\/v2\/posts"}],"about":[{"href":"https:\/\/www.decyde.es\/en\/wp-json\/wp\/v2\/types\/post"}],"author":[{"embeddable":true,"href":"https:\/\/www.decyde.es\/en\/wp-json\/wp\/v2\/users\/1"}],"replies":[{"embeddable":true,"href":"https:\/\/www.decyde.es\/en\/wp-json\/wp\/v2\/comments?post=1810"}],"version-history":[{"count":0,"href":"https:\/\/www.decyde.es\/en\/wp-json\/wp\/v2\/posts\/1810\/revisions"}],"wp:featuredmedia":[{"embeddable":true,"href":"https:\/\/www.decyde.es\/en\/wp-json\/"}],"wp:attachment":[{"href":"https:\/\/www.decyde.es\/en\/wp-json\/wp\/v2\/media?parent=1810"}],"wp:term":[{"taxonomy":"category","embeddable":true,"href":"https:\/\/www.decyde.es\/en\/wp-json\/wp\/v2\/categories?post=1810"},{"taxonomy":"post_tag","embeddable":true,"href":"https:\/\/www.decyde.es\/en\/wp-json\/wp\/v2\/tags?post=1810"}],"curies":[{"name":"wp","href":"https:\/\/api.w.org\/{rel}","templated":true}]}}