{"id":1849,"date":"2015-12-30T11:00:51","date_gmt":"2015-12-30T10:00:51","guid":{"rendered":"http:\/\/viaasesores.es\/?p=1849"},"modified":"2015-12-30T11:00:51","modified_gmt":"2015-12-30T10:00:51","slug":"somos-locos-o-visionarios-%e2%80%aa%e2%80%8erelanzate%e2%80%ac-con-viaasesores-en-radio_emprende-viadiario-cap081","status":"publish","type":"post","link":"https:\/\/www.decyde.es\/en\/somos-locos-o-visionarios-%e2%80%aa%e2%80%8erelanzate%e2%80%ac-con-viaasesores-en-radio_emprende-viadiario-cap081\/","title":{"rendered":"\u00bfSomos locos o visionarios? \u202a#\u200eRelanzaTE\u202c con @ViaAsesores en @Radio_Emprende #ViaDiario Cap081"},"content":{"rendered":"<p>&#8216;<a href=\"http:\/\/viaasesores.es\/relanza-tu-negocio\/\">Relanza tu negocio<\/a>&#8216; con <a href=\"htpp:\/\/ViaAsesores.es\" target=\"_blank\">V\u00eda Asesores<\/a> en <a href=\"http:\/\/www.radioemprende.com\/\" target=\"_blank\">Radio Emprende<\/a><\/p>\n<p style=\"text-align: justify;\">En en el programa de &#8216;Relanza tu negocio&#8217; de hoy, Fernando Zaplana cuenta que ley\u00f3 un interesante art\u00edculo de Borja Vilaseca en el que hablaba de esas personas que tienen una visi\u00f3n especial, capaz de ver el futuro y captar tendencias invisibles al resto de las personas.<\/p>\n<p style=\"text-align: justify;\">El ser humano tiene tendencia a resistirse a los cambios, por naturaleza, en parte por miedo, a que las cosas se muevan de sitio, a quedar en evidencia y a asumir el error, pero lo cierto es que evolucionamos, porque hay quien se empe\u00f1a en avanzar, esperemos no tener que tardar 18 siglos, el tiempo transcurrido desde que comenz\u00f3 a afirmarse que el Sol era el centro del Universo y la Tierra giraba a su alrededor y primero las hip\u00f3tesis de Cop\u00e9rnico y la demostraci\u00f3n de Galileo Galilei.<\/p>\n<p style=\"text-align: justify;\">En cualquier caso, locos hay, hubo y habr\u00e1, igual que visionarios, lo complicado es separar el grano de la paja y para identificar a estos \u00faltimos podr\u00edamos fijarnos en siete caracter\u00edsticas en com\u00fan de visionarios reconocidos como Leonardo da Vinci, Julio Verne, Thomas Alva Edison, Nikola Tesla o Steve Jobs:<\/p>\n<p>1. Desaf\u00edo<\/p>\n<p>2. Excentricidad<\/p>\n<p>3. Rebeld\u00eda<\/p>\n<p>4. Librepensamiento<\/p>\n<p>5. Idealista<\/p>\n<p>6. Creatividad<\/p>\n<p>7. Revoluci\u00f3n<\/p>\n<p style=\"text-align: justify;\">En 1962 se populariz\u00f3 la &#8216;Ley de difusi\u00f3n de innovaciones&#8217; por parte del soci\u00f3logo Everett Rogers, en base a sus investigaciones dividi\u00f3 a la poblaci\u00f3n de cualquier pa\u00eds en 5 segmentos en funci\u00f3n de su predisposici\u00f3n para adaptarse al cambio. Seg\u00fan Rogers, un 2,5% de la sociedad est\u00e1 compuesto por &#8216;innovadores&#8217;, que producen productos y servicios que son utilizados por un 13,5%, los &#8216;primeros seguidores&#8217; o &#8216;early adopters&#8217;, quienes aprecian f\u00e1cilmente las ventajas de la innovaci\u00f3n.<\/p>\n<p style=\"text-align: justify;\">Cuando la innovaci\u00f3n comienza a suponer una mejora en la calidad de vida, trasciende y comienza a ser utilizada por un 34% la &#8216;mayor\u00eda precoz&#8217;, aquellos que han verificado la utilidad y s\u00f3lo entonces la incorporan a su vida. En ese momento se produce el fen\u00f3meno llamado &#8216;moda&#8217; al cual se une otro 34%, la &#8216;mayor\u00eda tard\u00eda&#8217;, dejando para el final a un 19% de &#8216;rezagados&#8217; que s\u00f3lo entran en el juego cuando no les queda otra.<\/p>\n<p style=\"text-align: justify;\">Ya lo dijo <strong>Mark Twain<\/strong>, <em>&#8216;un hombre con una idea nueva es un loco hasta que la idea triunfa&#8217;<\/em>. Es lo que se considera como el perfil de los visionarios.<\/p>\n<p style=\"text-align: justify;\">Escucha el podcast y si te interesa, #RelanzaTe, contacta con nosotros y nos ponemos en marcha. Est\u00e1s a un <a href=\"http:\/\/viaasesores.es\/contacto\/\" target=\"_blank\">CLICK<\/a> de volver al buen camino.<\/p>\n<p><iframe loading=\"lazy\" style=\"border: none !important; height: 153px !important; margin: 0px auto; display: block; !important; width: 100% !important; overflow: hidden !important;\" src=\"http:\/\/www.radioemprende.com\/podcastPlayer\/v3\/podcast-20151216-Locos-o-visionarios\" width=\"300\" height=\"150\"><\/iframe><\/p>","protected":false},"excerpt":{"rendered":"<p>&#8216;Relanza tu negocio&#8216; con V\u00eda Asesores en Radio Emprende En en el programa de &#8216;Relanza tu negocio&#8217; de hoy, Fernando Zaplana cuenta que ley\u00f3 un interesante art\u00edculo de Borja Vilaseca en el que hablaba de esas personas que tienen una visi\u00f3n especial, capaz de ver el futuro y captar tendencias invisibles al resto de las [&hellip;]<\/p>","protected":false},"author":1,"featured_media":1850,"comment_status":"open","ping_status":"open","sticky":false,"template":"","format":"standard","meta":[],"categories":[36,38,474,470,482,37],"tags":[545,546,91,547,98,548,158,549,550,551,552],"_links":{"self":[{"href":"https:\/\/www.decyde.es\/en\/wp-json\/wp\/v2\/posts\/1849"}],"collection":[{"href":"https:\/\/www.decyde.es\/en\/wp-json\/wp\/v2\/posts"}],"about":[{"href":"https:\/\/www.decyde.es\/en\/wp-json\/wp\/v2\/types\/post"}],"author":[{"embeddable":true,"href":"https:\/\/www.decyde.es\/en\/wp-json\/wp\/v2\/users\/1"}],"replies":[{"embeddable":true,"href":"https:\/\/www.decyde.es\/en\/wp-json\/wp\/v2\/comments?post=1849"}],"version-history":[{"count":0,"href":"https:\/\/www.decyde.es\/en\/wp-json\/wp\/v2\/posts\/1849\/revisions"}],"wp:featuredmedia":[{"embeddable":true,"href":"https:\/\/www.decyde.es\/en\/wp-json\/"}],"wp:attachment":[{"href":"https:\/\/www.decyde.es\/en\/wp-json\/wp\/v2\/media?parent=1849"}],"wp:term":[{"taxonomy":"category","embeddable":true,"href":"https:\/\/www.decyde.es\/en\/wp-json\/wp\/v2\/categories?post=1849"},{"taxonomy":"post_tag","embeddable":true,"href":"https:\/\/www.decyde.es\/en\/wp-json\/wp\/v2\/tags?post=1849"}],"curies":[{"name":"wp","href":"https:\/\/api.w.org\/{rel}","templated":true}]}}