{"id":1880,"date":"2016-01-21T11:30:32","date_gmt":"2016-01-21T10:30:32","guid":{"rendered":"http:\/\/viaasesores.es\/?p=1880"},"modified":"2016-01-21T11:30:32","modified_gmt":"2016-01-21T10:30:32","slug":"estrategias-de-venta-para-momentos-especiales-%e2%80%aa%e2%80%8erelanzate%e2%80%ac-con-viaasesores-en-radio_emprende-viadiario-cap086","status":"publish","type":"post","link":"https:\/\/www.decyde.es\/en\/estrategias-de-venta-para-momentos-especiales-%e2%80%aa%e2%80%8erelanzate%e2%80%ac-con-viaasesores-en-radio_emprende-viadiario-cap086\/","title":{"rendered":"Estrategias de venta para momentos especiales \u202a#\u200eRelanzaTE\u202c con @ViaAsesores en @Radio_Emprende #ViaDiario Cap086"},"content":{"rendered":"<p>&#8216;<a href=\"http:\/\/viaasesores.es\/relanza-tu-negocio\/\">Relanza tu negocio<\/a>&#8216; con <a href=\"htpp:\/\/ViaAsesores.es\" target=\"_blank\">V\u00eda Asesores<\/a> en <a href=\"http:\/\/www.radioemprende.com\/\" target=\"_blank\">Radio Emprende<\/a><\/p>\n<p style=\"text-align: justufy;\">El calendario est\u00e1 repleto de fechas se\u00f1aladas y momentos especiales en los que debemos aprovechar la corriente a favor para vender m\u00e1s. Est\u00e1 claro que el factor emocional influye mucho en el consumo, al igual que ocurre con las compras impulsivas y estos son todos factores aliados para nuestros negocios. Por ejemplo, acaba la Navidad y el consumismo, comienza la cuesta de enero y podemos pensar que s\u00f3lo hay espacio para las rebajas, momento para mantener el tipo rebajando stock, pero no s\u00f3lo no es as\u00ed, sino que debemos concentrarnos al m\u00e1ximo para optimizar ventas.<\/p>\n<p style=\"text-align: justufy;\">En primer lugar, es cierto que las rebajas son una oportunidad para sacar stock con buenos descuentos y evitar as\u00ed que la mercanc\u00eda se convierta en p\u00e9rdida, pero adem\u00e1s es momento para comenzar a exponer productos de nueva temporada, seguro hay consumidores que lo demandan.<\/p>\n<p style=\"text-align: justufy;\">Pero las oportunidades no acaban en las rebajas. Es el momento de los buenos prop\u00f3sitos de a\u00f1o nuevo, pero tener la corriente a favor se debe aprovechar al m\u00e1ximo con una buena estrategia de marketing para aumentar ventas, conectar con el p\u00fablico potencial y mejorar posicionamiento.<\/p>\n<p style=\"text-align: justufy;\">Como todo, esta estrategia ya tiene nombre, le llaman Dayketing, de la uni\u00f3n de las palabras Day y Marketing y deber\u00edamos distinguir en una campa\u00f1a Dayketing tres factores clave:<\/p>\n<p>\u2212Coherencia con el contexto en que se sit\u00faa<\/p>\n<p>\u2212Comunicar los valores de la empresa<\/p>\n<p>\u2212Conectar con el p\u00fablico, empatiza, despierta emociones y consigue reacciones con herramientas como el storytelling.<\/p>\n<p>Algunos consejos para preparar un Dayketing:<\/p>\n<p style=\"text-align: justufy;\">1.Anticiparse a las fechas, conociendo fechas y acontecimientos relevantes en nuestro \u00e1rea de influencia, si nuestro p\u00fablico potencial disfruta de una fecha especial, debemos saber el que y el c\u00f3mo, a partir de ah\u00ed podremos plantear ventas.<\/p>\n<p style=\"text-align: justufy;\">2.Llevar una programaci\u00f3n de las fechas destacadas, buscando donde encajar\u00edas mejor para conectar con los intereses de tus clientes potenciales y transmitir tus valores.<\/p>\n<p style=\"text-align: justufy;\">3.Cada momento especial lleva un componente emocional impl\u00edcito, nuestra marca debe encajar en el contexto para que pueda conectar.<\/p>\n<p style=\"text-align: justufy;\">4.Plan estrat\u00e9gico de comunicaci\u00f3n, debemos enfocar en funci\u00f3n de lo que queremos conseguir para no equivocar destinatarios, es importante hacer un esfuerzo en dirigir nuestro mensaje a quien nos interesa.<\/p>\n<p style=\"text-align: justufy;\">5.Deja fluir la creatividad, lo bonito vende.<\/p>\n<p style=\"text-align: justify;\">Escucha el podcast y si te interesa, #RelanzaTe, contacta con nosotros y nos ponemos en marcha. Est\u00e1s a un <a href=\"http:\/\/viaasesores.es\/contacto\/\" target=\"_blank\">CLICK<\/a> de volver al buen camino.<\/p>\n<p><iframe loading=\"lazy\" style=\"border: none !important; height: 153px !important; margin: 0px auto; display: block; !important; width: 100% !important; overflow: hidden !important;\" src=\"http:\/\/www.radioemprende.com\/podcastPlayer\/v3\/podcast-20160113-Estrategias-de-venta-para-momentos-especiales\" width=\"300\" height=\"150\"><\/iframe><\/p>","protected":false},"excerpt":{"rendered":"<p>&#8216;Relanza tu negocio&#8216; con V\u00eda Asesores en Radio Emprende El calendario est\u00e1 repleto de fechas se\u00f1aladas y momentos especiales en los que debemos aprovechar la corriente a favor para vender m\u00e1s. Est\u00e1 claro que el factor emocional influye mucho en el consumo, al igual que ocurre con las compras impulsivas y estos son todos factores [&hellip;]<\/p>","protected":false},"author":1,"featured_media":1881,"comment_status":"open","ping_status":"open","sticky":false,"template":"","format":"standard","meta":[],"categories":[474,481,482,37],"tags":[84,569,99,570,521,571,572,493],"_links":{"self":[{"href":"https:\/\/www.decyde.es\/en\/wp-json\/wp\/v2\/posts\/1880"}],"collection":[{"href":"https:\/\/www.decyde.es\/en\/wp-json\/wp\/v2\/posts"}],"about":[{"href":"https:\/\/www.decyde.es\/en\/wp-json\/wp\/v2\/types\/post"}],"author":[{"embeddable":true,"href":"https:\/\/www.decyde.es\/en\/wp-json\/wp\/v2\/users\/1"}],"replies":[{"embeddable":true,"href":"https:\/\/www.decyde.es\/en\/wp-json\/wp\/v2\/comments?post=1880"}],"version-history":[{"count":0,"href":"https:\/\/www.decyde.es\/en\/wp-json\/wp\/v2\/posts\/1880\/revisions"}],"wp:featuredmedia":[{"embeddable":true,"href":"https:\/\/www.decyde.es\/en\/wp-json\/"}],"wp:attachment":[{"href":"https:\/\/www.decyde.es\/en\/wp-json\/wp\/v2\/media?parent=1880"}],"wp:term":[{"taxonomy":"category","embeddable":true,"href":"https:\/\/www.decyde.es\/en\/wp-json\/wp\/v2\/categories?post=1880"},{"taxonomy":"post_tag","embeddable":true,"href":"https:\/\/www.decyde.es\/en\/wp-json\/wp\/v2\/tags?post=1880"}],"curies":[{"name":"wp","href":"https:\/\/api.w.org\/{rel}","templated":true}]}}