{"id":2007,"date":"2016-05-09T17:48:41","date_gmt":"2016-05-09T16:48:41","guid":{"rendered":"http:\/\/viaasesores.es\/?p=2007"},"modified":"2016-05-09T17:48:41","modified_gmt":"2016-05-09T16:48:41","slug":"estuvimos-en-la-semana-del-emprendedor","status":"publish","type":"post","link":"https:\/\/www.decyde.es\/en\/estuvimos-en-la-semana-del-emprendedor\/","title":{"rendered":"Estuvimos en la &#8216;Semana del Emprendedor&#8217; #ViaDiario Cap109"},"content":{"rendered":"<p><a href=\"http:\/\/viaasesores.es\/wp-content\/uploads\/2016\/05\/13082506_10208929916636026_1324650485042343434_n.jpg\" rel=\"attachment wp-att-2008\"><img decoding=\"async\" loading=\"lazy\" class=\"size-medium wp-image-2008 aligncenter\" src=\"http:\/\/viaasesores.es\/wp-content\/uploads\/2016\/05\/13082506_10208929916636026_1324650485042343434_n-300x300.jpg\" alt=\"13082506_10208929916636026_1324650485042343434_n\" width=\"300\" height=\"300\" \/><\/a><\/p>\n<p>La pasada semana\u00a0V\u00eda Asesores particip\u00f3\u00a0en la <a href=\"http:\/\/www.semanadelemprendedor.es\/\" target=\"_blank\">Semana del Emprendedor<\/a>, organizada por el <a href=\"http:\/\/www.murcia.es\" target=\"_blank\">Ayuntamiento de Murcia<\/a>, un evento que pretende dar a conocer el trabajo de emprendedores alojados en el <a href=\"http:\/\/www.ayto-murciacim.es\/\" target=\"_blank\">CIM-M<\/a> (Centro de Iniciativas Municipales de Murcia) que llevan realizando su actividad de forma profesional menos de tres a\u00f1os o que se encuentren en proceso de constituci\u00f3n de su empresa. Concretamente nuestra aportaci\u00f3n ha sido a trav\u00e9s de una mesa redonda que giraba en torno a la externalizaci\u00f3n de servicios en la empresa. Nuestro director, <a href=\"https:\/\/twitter.com\/zaplanaf\" target=\"_blank\">Fernando Zaplana<\/a>, centr\u00f3 su intervenci\u00f3n en la importancia de la cooperaci\u00f3n y colaboraci\u00f3n entre profesionales para generar actividad econ\u00f3mica e intercambio de servicios. El acto, presentado por <a href=\"http:\/\/www.rubenjuanserna.com\" target=\"_blank\">Rub\u00e9n Juan Serna<\/a>, cont\u00f3 con la participaci\u00f3n de otros dos profesionales como <a href=\"https:\/\/twitter.com\/RicardoJMolina\" target=\"_blank\">Ricardo J. Molina<\/a>, director de <a href=\"https:\/\/www.facebook.com\/Logosegur\" target=\"_blank\">LogoSegur<\/a>, y Jos\u00e9 Ram\u00f3n Sempere, actualmente director adjunto de <a href=\"http:\/\/www.mercamadrid.es\/\" target=\"_blank\">MercaMadrid<\/a>, y anteriormente delegado de <a href=\"http:\/\/www.laverdad.es\" target=\"_blank\">La Verdad<\/a> en Alicante. Las jornadas fueron inauguradas por el alcalde de Murcia, Jos\u00e9 Ballesta, el concejal de Cultura, Jes\u00fas Pacheco, y el Director del <a href=\"https:\/\/www.institutofomentomurcia.es\/web\/portal\/bienvenido\" target=\"_blank\">INFO<\/a>, Javier Celdr\u00e1n.<\/p>\n<p><a href=\"http:\/\/viaasesores.es\/wp-content\/uploads\/2016\/05\/13131542_1670729023190242_7180933043358804140_o.jpg\" rel=\"attachment wp-att-2009\"><img decoding=\"async\" loading=\"lazy\" class=\"aligncenter wp-image-2009 size-medium\" title=\"Mesa redonda sobre externalizaci\u00f3n. Semana el Emprendedor. Murcia\" src=\"http:\/\/viaasesores.es\/wp-content\/uploads\/2016\/05\/13131542_1670729023190242_7180933043358804140_o-300x225.jpg\" alt=\"13131542_1670729023190242_7180933043358804140_o\" width=\"300\" height=\"225\" \/><\/a><\/p>","protected":false},"excerpt":{"rendered":"<p>La pasada semana\u00a0V\u00eda Asesores particip\u00f3\u00a0en la Semana del Emprendedor, organizada por el Ayuntamiento de Murcia, un evento que pretende dar a conocer el trabajo de emprendedores alojados en el CIM-M (Centro de Iniciativas Municipales de Murcia) que llevan realizando su actividad de forma profesional menos de tres a\u00f1os o que se encuentren en proceso de [&hellip;]<\/p>","protected":false},"author":1,"featured_media":2008,"comment_status":"open","ping_status":"open","sticky":false,"template":"","format":"standard","meta":[],"categories":[36,501,38,474,470,481,141,482,144,16,37,40],"tags":[148,226],"_links":{"self":[{"href":"https:\/\/www.decyde.es\/en\/wp-json\/wp\/v2\/posts\/2007"}],"collection":[{"href":"https:\/\/www.decyde.es\/en\/wp-json\/wp\/v2\/posts"}],"about":[{"href":"https:\/\/www.decyde.es\/en\/wp-json\/wp\/v2\/types\/post"}],"author":[{"embeddable":true,"href":"https:\/\/www.decyde.es\/en\/wp-json\/wp\/v2\/users\/1"}],"replies":[{"embeddable":true,"href":"https:\/\/www.decyde.es\/en\/wp-json\/wp\/v2\/comments?post=2007"}],"version-history":[{"count":0,"href":"https:\/\/www.decyde.es\/en\/wp-json\/wp\/v2\/posts\/2007\/revisions"}],"wp:featuredmedia":[{"embeddable":true,"href":"https:\/\/www.decyde.es\/en\/wp-json\/"}],"wp:attachment":[{"href":"https:\/\/www.decyde.es\/en\/wp-json\/wp\/v2\/media?parent=2007"}],"wp:term":[{"taxonomy":"category","embeddable":true,"href":"https:\/\/www.decyde.es\/en\/wp-json\/wp\/v2\/categories?post=2007"},{"taxonomy":"post_tag","embeddable":true,"href":"https:\/\/www.decyde.es\/en\/wp-json\/wp\/v2\/tags?post=2007"}],"curies":[{"name":"wp","href":"https:\/\/api.w.org\/{rel}","templated":true}]}}