{"id":2039,"date":"2016-05-27T06:21:53","date_gmt":"2016-05-27T05:21:53","guid":{"rendered":"http:\/\/viaasesores.es\/?p=2039"},"modified":"2016-05-27T06:21:53","modified_gmt":"2016-05-27T05:21:53","slug":"jornadas-de-comunicacion-y-marketing-deportivo","status":"publish","type":"post","link":"https:\/\/www.decyde.es\/en\/jornadas-de-comunicacion-y-marketing-deportivo\/","title":{"rendered":"Jornadas de Comunicaci\u00f3n y Marketing Deportivo #ViaDiario Cap113"},"content":{"rendered":"<p><a href=\"http:\/\/viaasesores.es\/wp-content\/uploads\/2016\/05\/13217514_1272864316087248_3454680445035939494_o.jpg\" rel=\"attachment wp-att-2040\"><img decoding=\"async\" loading=\"lazy\" class=\"aligncenter wp-image-2040 size-medium\" src=\"http:\/\/viaasesores.es\/wp-content\/uploads\/2016\/05\/13217514_1272864316087248_3454680445035939494_o-300x200.jpg\" alt=\"13217514_1272864316087248_3454680445035939494_o\" width=\"300\" height=\"200\" \/><\/a><\/p>\n<p>La pasada semana participamos, invitados por los organizadores, en las <a href=\"http:\/\/comunicacionymarketingdeportivo.es\/\" target=\"_blank\">I Jornadas de Comunicaci\u00f3n y Marketing Deportivo<\/a> celebradas en la <a href=\"http:\/\/www.um.es\/\" target=\"_blank\">Universidad de Murcia<\/a>. Pese a la tem\u00e1tica estrictamente deportiva en torno a la comunicaci\u00f3n se nos pidi\u00f3 que realiz\u00e1ramos una peque\u00f1a ponencia acerca de la fiscalidad y el deporte, binomio fundamental a la hora de emprender cualquier proyecto deportivo.<\/p>\n<p>A lo largo de la intervenci\u00f3n se defini\u00f3 la figura del mecenas, y todas las ventajas fiscales que actualmente recibe quien apoya de una manera u otra el mundo del deporte, enumerando las diferentes opciones que la Agencia Tributaria establece a la hora de obtener beneficios o exenciones. Esta es una parte habitualmente compleja para aquellos que no manejan la parte financiera o fiscal de las empresas deportivas, y que necesita, cada vez m\u00e1s, de la colaboraci\u00f3n y asesoramiento de expertos que est\u00e9n al tanto de todas las novedades de \u00e1mbito legal.<\/p>\n<p>Para la exposici\u00f3n, a cargo de nuestro director Fernando Zaplana, fueron escogidas im\u00e1genes relacionadas con el deporte regional.<\/p>\n<p>La fotograf\u00eda es de <a href=\"https:\/\/www.facebook.com\/pedro.rgalvez?fref=photo\" target=\"_blank\">Pedro Ruiz<\/a>.<\/p>","protected":false},"excerpt":{"rendered":"<p>La pasada semana participamos, invitados por los organizadores, en las I Jornadas de Comunicaci\u00f3n y Marketing Deportivo celebradas en la Universidad de Murcia. Pese a la tem\u00e1tica estrictamente deportiva en torno a la comunicaci\u00f3n se nos pidi\u00f3 que realiz\u00e1ramos una peque\u00f1a ponencia acerca de la fiscalidad y el deporte, binomio fundamental a la hora de [&hellip;]<\/p>","protected":false},"author":1,"featured_media":2040,"comment_status":"open","ping_status":"open","sticky":false,"template":"","format":"standard","meta":[],"categories":[36,501,38,474,470,481,141,482,37],"tags":[],"_links":{"self":[{"href":"https:\/\/www.decyde.es\/en\/wp-json\/wp\/v2\/posts\/2039"}],"collection":[{"href":"https:\/\/www.decyde.es\/en\/wp-json\/wp\/v2\/posts"}],"about":[{"href":"https:\/\/www.decyde.es\/en\/wp-json\/wp\/v2\/types\/post"}],"author":[{"embeddable":true,"href":"https:\/\/www.decyde.es\/en\/wp-json\/wp\/v2\/users\/1"}],"replies":[{"embeddable":true,"href":"https:\/\/www.decyde.es\/en\/wp-json\/wp\/v2\/comments?post=2039"}],"version-history":[{"count":0,"href":"https:\/\/www.decyde.es\/en\/wp-json\/wp\/v2\/posts\/2039\/revisions"}],"wp:featuredmedia":[{"embeddable":true,"href":"https:\/\/www.decyde.es\/en\/wp-json\/"}],"wp:attachment":[{"href":"https:\/\/www.decyde.es\/en\/wp-json\/wp\/v2\/media?parent=2039"}],"wp:term":[{"taxonomy":"category","embeddable":true,"href":"https:\/\/www.decyde.es\/en\/wp-json\/wp\/v2\/categories?post=2039"},{"taxonomy":"post_tag","embeddable":true,"href":"https:\/\/www.decyde.es\/en\/wp-json\/wp\/v2\/tags?post=2039"}],"curies":[{"name":"wp","href":"https:\/\/api.w.org\/{rel}","templated":true}]}}