{"id":2094,"date":"2016-06-16T17:28:19","date_gmt":"2016-06-16T16:28:19","guid":{"rendered":"http:\/\/viaasesores.es\/?p=2094"},"modified":"2016-06-16T17:28:19","modified_gmt":"2016-06-16T16:28:19","slug":"entrevista-al-consejero-de-desarrollo-economico-juan-hernandez-empf102-emprenderfacil-con-viaasesores-viadiario-cap-119","status":"publish","type":"post","link":"https:\/\/www.decyde.es\/en\/entrevista-al-consejero-de-desarrollo-economico-juan-hernandez-empf102-emprenderfacil-con-viaasesores-viadiario-cap-119\/","title":{"rendered":"Entrevista al consejero de Desarrollo Econ\u00f3mico Juan Hern\u00e1ndez #EmpF102 @EmprenderF\u00e1cil con @V\u00edaAsesores #V\u00edaDiario Cap119"},"content":{"rendered":"<p>En este programa especial de Emprender es F\u00e1cil con Decyde V\u00edaAsesores en Cope Murcia hablamos de libertad econ\u00f3mica.\u00a0Para ello entrevistamos a Juan Hern\u00e1ndez, consejero de Desarrollo Econ\u00f3mico de la Regi\u00f3n de Murcia que nos desgrana las medidas que deben conducir a Regi\u00f3n de Murcia: Libertad Econ\u00f3mica.<\/p>\n<p>Libertad de horarios en el comercio, facilidades para la implantaci\u00f3n de espacios comerciales de tama\u00f1o medio, simplificaci\u00f3n de la burocracia relativa a las licencias de actividad y aceleraci\u00f3n de inversiones son la clave en Regi\u00f3n de Murcia: Libertad Econ\u00f3mica.<\/p>\n<p><a href=\"http:\/\/www.undemursgr.es\/images\/blog-post\/decreto-medidas-creacion-empresa-empleo-murcia-200416.pdf\" target=\"_blank\">Aqu\u00ed<\/a> el decreto.<\/p>\n<p>&nbsp;<\/p>\n<p><iframe loading=\"lazy\" id=\"audio_11921103\" style=\"border: 1px solid #EEE; box-sizing: border-box; width: 100%;\" src=\"https:\/\/www.ivoox.com\/player_ej_11921103_4_1.html?c1=ff6600\" width=\"300\" height=\"200\" frameborder=\"0\" scrolling=\"no\" allowfullscreen=\"allowfullscreen\"><\/iframe><\/p>","protected":false},"excerpt":{"rendered":"<p>En este programa especial de Emprender es F\u00e1cil con Decyde V\u00edaAsesores en Cope Murcia hablamos de libertad econ\u00f3mica.\u00a0Para ello entrevistamos a Juan Hern\u00e1ndez, consejero de Desarrollo Econ\u00f3mico de la Regi\u00f3n de Murcia que nos desgrana las medidas que deben conducir a Regi\u00f3n de Murcia: Libertad Econ\u00f3mica. Libertad de horarios en el comercio, facilidades para la [&hellip;]<\/p>","protected":false},"author":1,"featured_media":2095,"comment_status":"open","ping_status":"open","sticky":false,"template":"","format":"standard","meta":[],"categories":[36,501,38,37],"tags":[],"_links":{"self":[{"href":"https:\/\/www.decyde.es\/en\/wp-json\/wp\/v2\/posts\/2094"}],"collection":[{"href":"https:\/\/www.decyde.es\/en\/wp-json\/wp\/v2\/posts"}],"about":[{"href":"https:\/\/www.decyde.es\/en\/wp-json\/wp\/v2\/types\/post"}],"author":[{"embeddable":true,"href":"https:\/\/www.decyde.es\/en\/wp-json\/wp\/v2\/users\/1"}],"replies":[{"embeddable":true,"href":"https:\/\/www.decyde.es\/en\/wp-json\/wp\/v2\/comments?post=2094"}],"version-history":[{"count":0,"href":"https:\/\/www.decyde.es\/en\/wp-json\/wp\/v2\/posts\/2094\/revisions"}],"wp:featuredmedia":[{"embeddable":true,"href":"https:\/\/www.decyde.es\/en\/wp-json\/"}],"wp:attachment":[{"href":"https:\/\/www.decyde.es\/en\/wp-json\/wp\/v2\/media?parent=2094"}],"wp:term":[{"taxonomy":"category","embeddable":true,"href":"https:\/\/www.decyde.es\/en\/wp-json\/wp\/v2\/categories?post=2094"},{"taxonomy":"post_tag","embeddable":true,"href":"https:\/\/www.decyde.es\/en\/wp-json\/wp\/v2\/tags?post=2094"}],"curies":[{"name":"wp","href":"https:\/\/api.w.org\/{rel}","templated":true}]}}