{"id":2148,"date":"2016-10-31T19:31:10","date_gmt":"2016-10-31T18:31:10","guid":{"rendered":"http:\/\/viaasesores.es\/?p=2148"},"modified":"2016-10-31T19:31:10","modified_gmt":"2016-10-31T18:31:10","slug":"cerveza-artesana-canonita-emprenderfacil-con-viaasesores-empf106-viadiario-126","status":"publish","type":"post","link":"https:\/\/www.decyde.es\/en\/cerveza-artesana-canonita-emprenderfacil-con-viaasesores-empf106-viadiario-126\/","title":{"rendered":"Cerveza artesana &#8216;Ca\u00f1onita&#8217; @EmprenderFacil con @ViaAsesores #EmpF106 #ViaDiario 126"},"content":{"rendered":"<p>En esta nueva edici\u00f3n hablamos de la <a href=\"http:\/\/ayto-murciacim.es\/es\/noticias\/convocatoria-de-concesion-de-subvenciones-emprendedores-del-municipio-de-murcia-gastos\" target=\"_blank\">convocatoria<\/a> de concesi\u00f3n de subvenciones a Emprendedores del Municipio de Murcia, con plazo hasta el 20 de Octubre.\u00a0Especial menci\u00f3n para el calendario solidario que ha editado <a href=\"https:\/\/www.facebook.com\/ascopas.org\/\" target=\"_blank\">ASCOPAS &#8211; Asociaci\u00f3n de padres y protectores de minusv\u00e1lidos psiquicos, de Cieza<\/a>. Calendario en que participan personalidades como Jos\u00e9 Antonio Camacho, Nicol\u00e1s Almagro, Ruth Lorenzo, etc. Es importante poner en valor\u00a0el trabajo y la dedicaci\u00f3n de todos: padres, maestros, logopedas, fisioterapeutas, profesionales, voluntarios y socios. \u00a0ASCOPAS cuenta con\u00a0el Colegio Concertado de Educaci\u00f3n Especial \u201cEl Buen Pastor\u201d, el Centro Ocupacional \u201cAscopas\u201d, y el\u00a0Centro de Atenci\u00f3n a Personas con Discapacidad \u201cAscopas\u201d. Por \u00faltimo, en la secci\u00f3n \u00abLa Referencia\u00bb, damos la bienvenida a Jos\u00e9 Carlos Gozalves, uno de los empresarios propietarios de la cerveza artesana Ca\u00f1onita, una cerveza caravaque\u00f1a y artesana con toques de Pale Ale y aire norteamericano.<\/p>\n<p>&nbsp;<\/p>\n<p><iframe loading=\"lazy\" id=\"audio_13555101\" style=\"border: 1px solid #EEE; box-sizing: border-box; width: 100%;\" src=\"https:\/\/www.ivoox.com\/player_ej_13555101_4_1.html?c1=ff6600\" width=\"300\" height=\"200\" frameborder=\"0\" scrolling=\"no\" allowfullscreen=\"allowfullscreen\"><\/iframe><\/p>","protected":false},"excerpt":{"rendered":"<p>En esta nueva edici\u00f3n hablamos de la convocatoria de concesi\u00f3n de subvenciones a Emprendedores del Municipio de Murcia, con plazo hasta el 20 de Octubre.\u00a0Especial menci\u00f3n para el calendario solidario que ha editado ASCOPAS &#8211; Asociaci\u00f3n de padres y protectores de minusv\u00e1lidos psiquicos, de Cieza. Calendario en que participan personalidades como Jos\u00e9 Antonio Camacho, Nicol\u00e1s [&hellip;]<\/p>","protected":false},"author":1,"featured_media":2149,"comment_status":"open","ping_status":"open","sticky":false,"template":"","format":"standard","meta":[],"categories":[36,37,40],"tags":[],"_links":{"self":[{"href":"https:\/\/www.decyde.es\/en\/wp-json\/wp\/v2\/posts\/2148"}],"collection":[{"href":"https:\/\/www.decyde.es\/en\/wp-json\/wp\/v2\/posts"}],"about":[{"href":"https:\/\/www.decyde.es\/en\/wp-json\/wp\/v2\/types\/post"}],"author":[{"embeddable":true,"href":"https:\/\/www.decyde.es\/en\/wp-json\/wp\/v2\/users\/1"}],"replies":[{"embeddable":true,"href":"https:\/\/www.decyde.es\/en\/wp-json\/wp\/v2\/comments?post=2148"}],"version-history":[{"count":0,"href":"https:\/\/www.decyde.es\/en\/wp-json\/wp\/v2\/posts\/2148\/revisions"}],"wp:featuredmedia":[{"embeddable":true,"href":"https:\/\/www.decyde.es\/en\/wp-json\/"}],"wp:attachment":[{"href":"https:\/\/www.decyde.es\/en\/wp-json\/wp\/v2\/media?parent=2148"}],"wp:term":[{"taxonomy":"category","embeddable":true,"href":"https:\/\/www.decyde.es\/en\/wp-json\/wp\/v2\/categories?post=2148"},{"taxonomy":"post_tag","embeddable":true,"href":"https:\/\/www.decyde.es\/en\/wp-json\/wp\/v2\/tags?post=2148"}],"curies":[{"name":"wp","href":"https:\/\/api.w.org\/{rel}","templated":true}]}}