{"id":2153,"date":"2016-10-31T19:57:34","date_gmt":"2016-10-31T18:57:34","guid":{"rendered":"http:\/\/viaasesores.es\/?p=2153"},"modified":"2016-10-31T19:57:34","modified_gmt":"2016-10-31T18:57:34","slug":"restaurante-taulla-de-julio-velandrino-emprenderfacil-con-viaasesores-empf107-viadiario-127","status":"publish","type":"post","link":"https:\/\/www.decyde.es\/en\/restaurante-taulla-de-julio-velandrino-emprenderfacil-con-viaasesores-empf107-viadiario-127\/","title":{"rendered":"Restaurante Ta\u00falla, de Julio Velandrino  @EmprenderFacil con @ViaAsesores #EmpF107 #ViaDiario 127"},"content":{"rendered":"<p>En el programa de hoy charlamos sobre el programa para la contrataci\u00f3n de servicios de asesoramiento en preparaci\u00f3n de propuestas para programas y proyectos europeos, el &#8216;Cheque Europa&#8217;, del Instituto de Fomento de la Regi\u00f3n de Murcia, INFO. Hay distintas categor\u00edas en funci\u00f3n de la cuant\u00eda.<br \/>\nEn clave de solidaridad hablamos de &#8216;Menudos Corazones&#8217;, una entidad sin \u00e1nimo de lucro que trabaja para los ni\u00f1os y familias con cardiopat\u00edas cong\u00e9nitas, y que organizan actividades e iniciativas muy interesantes.<br \/>\nEn &#8216;La Referencia&#8217;contamos con Julio Velandrino, cocinero propietario del restaurante \u00abTa\u00falla\u00bb, exconcursante de Top Chef, y que cuenta con enorme experiencia en el mundo de la cocina. Su nuevo establecimiento se encuentra en Espinardo. <\/p>\n<p><iframe id='audio_13555844' frameborder='0' allowfullscreen='' scrolling='no' height='200' style='border:1px solid #EEE; box-sizing:border-box; width:100%;' src=\"https:\/\/www.ivoox.com\/player_ej_13555844_4_1.html?c1=ff6600\"><\/iframe><\/p>","protected":false},"excerpt":{"rendered":"<p>En el programa de hoy charlamos sobre el programa para la contrataci\u00f3n de servicios de asesoramiento en preparaci\u00f3n de propuestas para programas y proyectos europeos, el &#8216;Cheque Europa&#8217;, del Instituto de Fomento de la Regi\u00f3n de Murcia, INFO. Hay distintas categor\u00edas en funci\u00f3n de la cuant\u00eda. En clave de solidaridad hablamos de &#8216;Menudos Corazones&#8217;, una [&hellip;]<\/p>","protected":false},"author":1,"featured_media":2154,"comment_status":"open","ping_status":"open","sticky":false,"template":"","format":"standard","meta":[],"categories":[16],"tags":[],"_links":{"self":[{"href":"https:\/\/www.decyde.es\/en\/wp-json\/wp\/v2\/posts\/2153"}],"collection":[{"href":"https:\/\/www.decyde.es\/en\/wp-json\/wp\/v2\/posts"}],"about":[{"href":"https:\/\/www.decyde.es\/en\/wp-json\/wp\/v2\/types\/post"}],"author":[{"embeddable":true,"href":"https:\/\/www.decyde.es\/en\/wp-json\/wp\/v2\/users\/1"}],"replies":[{"embeddable":true,"href":"https:\/\/www.decyde.es\/en\/wp-json\/wp\/v2\/comments?post=2153"}],"version-history":[{"count":0,"href":"https:\/\/www.decyde.es\/en\/wp-json\/wp\/v2\/posts\/2153\/revisions"}],"wp:featuredmedia":[{"embeddable":true,"href":"https:\/\/www.decyde.es\/en\/wp-json\/"}],"wp:attachment":[{"href":"https:\/\/www.decyde.es\/en\/wp-json\/wp\/v2\/media?parent=2153"}],"wp:term":[{"taxonomy":"category","embeddable":true,"href":"https:\/\/www.decyde.es\/en\/wp-json\/wp\/v2\/categories?post=2153"},{"taxonomy":"post_tag","embeddable":true,"href":"https:\/\/www.decyde.es\/en\/wp-json\/wp\/v2\/tags?post=2153"}],"curies":[{"name":"wp","href":"https:\/\/api.w.org\/{rel}","templated":true}]}}