{"id":2210,"date":"2017-02-03T10:56:15","date_gmt":"2017-02-03T09:56:15","guid":{"rendered":"http:\/\/viaasesores.es\/?p=2210"},"modified":"2017-02-03T10:56:15","modified_gmt":"2017-02-03T09:56:15","slug":"10-pasos-basicos-para-optimizar-la-fiscalidad-del-autonomo-sme2017","status":"publish","type":"post","link":"https:\/\/www.decyde.es\/en\/10-pasos-basicos-para-optimizar-la-fiscalidad-del-autonomo-sme2017\/","title":{"rendered":"10 pasos b\u00e1sicos para optimizar la fiscalidad del aut\u00f3nomo #SME2017"},"content":{"rendered":"<p>El pasado 16 de febrero de 2016 tuve la oportunidad de participar por segunda vez como ponente en Sal\u00f3n MiEmpresa para hablar de aut\u00f3nomos, fiscalidad y alguna cuesti\u00f3n m\u00e1s. El 22 de febrero de 2017 volver\u00e9 a participar en Sal\u00f3n MiEmpresa, en la Sala Aprende, a las 17.40h, tercera ocasi\u00f3n consecutiva en la que tengo el honor y el placer de exponer nociones de fiscalidad para asistentes que piensan en el autoempleo como salida profesional.<\/p>\n<p><a href=\"http:\/\/www.salonmiempresa.com\/conferencias\/charlas-y-talleres\/aprende\/\">http:\/\/www.salonmiempresa.com\/conferencias\/charlas-y-talleres\/aprende\/<\/a><\/p>\n<p><img decoding=\"async\" class=\"aligncenter\" src=\"https:\/\/media.licdn.com\/mpr\/mpr\/AAEAAQAAAAAAAAl1AAAAJDNjNWVhNTA0LTNiMDYtNGYwMC1hZGYyLWY0MmRiYzQxMjVlMQ.jpg\" \/><\/p>\n<p>Recordando la edici\u00f3n 2016, en esta ocasi\u00f3n el escenario variaba y pasaba a situarse en Sala \u2018grande\u2019, directamente en las gradas del Barclaycard center, el m\u00e1s conocido como Palacio de los Deportes de Madrid, escenario de primera, evento de primera, referente para empresarios, aut\u00f3nomos y emprendedores en general.<\/p>\n<p>La sala donde me ubic\u00f3 la organizaci\u00f3n ten\u00eda una tem\u00e1tica muy concreta y la denominaci\u00f3n es toda una declaraci\u00f3n de intenciones, en \u2018El Dec\u00e1logo del \u00c9xito\u2019 a lo largo de los dos d\u00edas del evento se fueron desgranando todo tipo de materias de inter\u00e9s para los asistentes, en formato breve, tan s\u00f3lo 30 minutos para exponer y en 10 diapositivas.<\/p>\n<p>La ponencia escogida para mi se denomina \u2018Optimiza tu fiscalidad como aut\u00f3nomo en 10 pasos\u2019 y en con ella se pretende ofrecer en tan s\u00f3lo 30 minutos una visi\u00f3n global de lo que debe tener en cuenta y donde debe prestar especial atenci\u00f3n un aut\u00f3nomo para no tener problemas, desde el momento cero, hasta el cierre del primer a\u00f1o con la presentaci\u00f3n del impuesto sobre la renta, un ciclo completo.<\/p>\n<p><img decoding=\"async\" class=\"aligncenter\" src=\"https:\/\/media.licdn.com\/mpr\/mpr\/AAEAAQAAAAAAAAcwAAAAJDM0YmE2NzcyLThjMjItNGRkOS05NjM5LWY4NTM5MTI0ZDk4ZA.jpg\" \/><\/p>\n<p>Si quieres que te contemos como tienes que aplicar esos 10 pasos, ponte en contacto con nosotros, seremos tu mejor compa\u00f1\u00eda como asesor\u00eda personalizada, est\u00e1s a un\u00a0<a href=\"http:\/\/viaasesores.es\/contacto\/\" target=\"_blank\" rel=\"nofollow noopener\">CLICK de nosotros \u00bfhablamos?<\/a><\/p>\n<p>Estos 10 pasos o 10 consejos comienzan con la recomendaci\u00f3n clave, paciencia, antes de hacer nada hay que armarse de paciencia o se ir\u00e1 de conejillo de indias ante la administraci\u00f3n, como se dice, la paciencia es la madre de la ciencia y lo primero es recopilar informaci\u00f3n de todo lo que hay que hacer.<\/p>\n<p>Una vez convenientemente informados, debemos tomar decisiones, debemos tener claros los tipos de aut\u00f3nomos que hay, pros y contras, que conlleva ser aut\u00f3nomo individual o societario, en cuanto a costes, responsabilidad, gesti\u00f3n y s\u00f3lo entonces comenzar a andar, tramitar correctamente las altas en actividad, IAE, Seguridad Social, apertura de n\u00famero patronal y mucho ojo con las licencias de actividad o industriales, que deben estar tramitadas y no en tr\u00e1mite.<\/p>\n<p>Aut\u00f3nomo precavido, vale por dos, debemos conocer muy bien el calendario fiscal, cuando debemos presentar impuestos, declaraciones informativas y res\u00famenes anuales, cuando hay que dar informaci\u00f3n y documentos al asesor y tambi\u00e9n hacer un presupuesto que nos diga cuanto vamos a ir cobrando y pagando mes a mes, para controlar la tesorer\u00eda y saber como vamos a ir de liquidez.<\/p>\n<p>Un aut\u00f3nomo tiene que saber como debe facturar y que datos deben contener esas facturas, como debe rectificar facturas y cuando, sobre todo si se trata de una rectificaci\u00f3n por impagos y queremos recuperar IVA, debemos conocer este impuesto, los distintos reg\u00edmenes que operan, las exenciones, si tengo que hacer prorrata o no, como opera el IVA intracomunitario o el IVA simplificado de estimaci\u00f3n objetiva o m\u00f3dulos.<\/p>\n<p>Igualmente hay que saber como funcionan estimaci\u00f3n directa y estimaci\u00f3n objetiva en cuanto a los pagos a cuenta de IRPF, que gastos son deducibles y cuales no, que incentivos fiscales estan a mi disposici\u00f3n y si tengo que hacer retenciones al facturar o me las hacen a mi.<\/p>\n<p>La precisi\u00f3n es fundamental para evitar problemas, el 347 de operaciones con terceros es el modelo que m\u00e1s utiliza la AEAT para cruzar datos y encontrar discrepancias que le lleven a regularizar impuestos, igualmente son importantes el resto de declaraciones informativas y res\u00famenes anuales, tenerlas bien cumplimentadas y con datos correctos, nos evitar\u00e1 muchos problemas.<\/p>\n<p>Todo se resume en la declaraci\u00f3n de la Renta, es el momento de la verdad frente a la AEAT y hay que saber los datos que tienen nuestros, el documento de los datos fiscales es fundamental, para contrastar y conocer, a la hora de cumplimentar la declaraci\u00f3n veremos las distintas rentas que tenemos y podremos aplicar deducciones que nos correspondan, para ajustar cuentas y pagar o que nos devuelvan.<\/p>\n<p><img decoding=\"async\" class=\"aligncenter\" src=\"https:\/\/media.licdn.com\/mpr\/mpr\/AAEAAQAAAAAAAAjGAAAAJDAxMGZiZGE4LWRjMjUtNGJhMi1hNzhmLThlYjBlN2NkNTRiMQ.jpg\" \/><\/p>\n<p>En definitiva, se trata de controlar la situaci\u00f3n, si tenemos todo bajo control, con seguridad que nos ir\u00e1 mucho mejor en nuestra andadura como empresarios.<\/p>\n<div class='avia-iframe-wrap'>\n<blockquote data-secret=\"9G1NNPwD0R\" class=\"wp-embedded-content\"><p><a href=\"http:\/\/www.salonmiempresa.com\/sme-2016\/\">#SME2017 &#8211; VIII Edici\u00f3n<\/a><\/p><\/blockquote>\n<p><iframe class=\"wp-embedded-content\" sandbox=\"allow-scripts\" security=\"restricted\" style=\"position: absolute; clip: rect(1px, 1px, 1px, 1px);\" src=\"http:\/\/www.salonmiempresa.com\/sme-2016\/embed\/#?secret=9G1NNPwD0R\" data-secret=\"9G1NNPwD0R\" width=\"600\" height=\"338\" title=\"&#8220;#SME2017 &#8211; VIII Edici\u00f3n&#8221; &#8212; Salon MiEmpresa\" frameborder=\"0\" marginwidth=\"0\" marginheight=\"0\" scrolling=\"no\"><\/iframe><\/div>","protected":false},"excerpt":{"rendered":"<p>El pasado 16 de febrero de 2016 tuve la oportunidad de participar por segunda vez como ponente en Sal\u00f3n MiEmpresa para hablar de aut\u00f3nomos, fiscalidad y alguna cuesti\u00f3n m\u00e1s. El 22 de febrero de 2017 volver\u00e9 a participar en Sal\u00f3n MiEmpresa, en la Sala Aprende, a las 17.40h, tercera ocasi\u00f3n consecutiva en la que tengo [&hellip;]<\/p>","protected":false},"author":1,"featured_media":2211,"comment_status":"open","ping_status":"open","sticky":false,"template":"","format":"standard","meta":[],"categories":[36,501,38,474,37,40],"tags":[466,167,53,148,154,133,46,135,646,596,647,648],"_links":{"self":[{"href":"https:\/\/www.decyde.es\/en\/wp-json\/wp\/v2\/posts\/2210"}],"collection":[{"href":"https:\/\/www.decyde.es\/en\/wp-json\/wp\/v2\/posts"}],"about":[{"href":"https:\/\/www.decyde.es\/en\/wp-json\/wp\/v2\/types\/post"}],"author":[{"embeddable":true,"href":"https:\/\/www.decyde.es\/en\/wp-json\/wp\/v2\/users\/1"}],"replies":[{"embeddable":true,"href":"https:\/\/www.decyde.es\/en\/wp-json\/wp\/v2\/comments?post=2210"}],"version-history":[{"count":0,"href":"https:\/\/www.decyde.es\/en\/wp-json\/wp\/v2\/posts\/2210\/revisions"}],"wp:featuredmedia":[{"embeddable":true,"href":"https:\/\/www.decyde.es\/en\/wp-json\/"}],"wp:attachment":[{"href":"https:\/\/www.decyde.es\/en\/wp-json\/wp\/v2\/media?parent=2210"}],"wp:term":[{"taxonomy":"category","embeddable":true,"href":"https:\/\/www.decyde.es\/en\/wp-json\/wp\/v2\/categories?post=2210"},{"taxonomy":"post_tag","embeddable":true,"href":"https:\/\/www.decyde.es\/en\/wp-json\/wp\/v2\/tags?post=2210"}],"curies":[{"name":"wp","href":"https:\/\/api.w.org\/{rel}","templated":true}]}}