{"id":2226,"date":"2017-02-13T19:50:03","date_gmt":"2017-02-13T18:50:03","guid":{"rendered":"http:\/\/viaasesores.es\/?p=2226"},"modified":"2017-02-13T19:50:03","modified_gmt":"2017-02-13T18:50:03","slug":"cambios-empresariales-para-mejorar-y-generar-marca-avoir-emprenderfacil-con-viaasesores-empf119-viadiario-cap-139","status":"publish","type":"post","link":"https:\/\/www.decyde.es\/en\/cambios-empresariales-para-mejorar-y-generar-marca-avoir-emprenderfacil-con-viaasesores-empf119-viadiario-cap-139\/","title":{"rendered":"Cambio empresarial para mejorar y generar marca: Avoir @EmprenderFacil con @ViaAsesores #EmpF119 #ViaDiario Cap 139"},"content":{"rendered":"<p>En el d\u00eda mundial de la radio comenzamos la radio del autoempleo con una grata noticia y es que siete de cada diez j\u00f3venes que hacen pr\u00e1cticas no laborales son contratados por las empresas<\/p>\n<p>En el apartado de RSC hablamos de Pupaclown y sus patrocinadores<\/p>\n<p>Y como Referencia de la semana invitamos a Avoir, una marca joven, en esta tienda de complementos de moda han optado con un cambio radical, ha desarrollado un buen trabajo de marca, dise\u00f1o y marketing, cambios en el interiorismo y por supuesto b\u00fasqueda de tendencias para agradar a la clientela y hacerla crecer<\/p>\n<p><a href=\"http:\/\/www.cope.es\/player\/nombre=13022017-emprender-es-facil&amp;id=2017021313040001&amp;activo=10\"><img decoding=\"async\" loading=\"lazy\" class=\"size-full wp-image-2230 aligncenter\" src=\"http:\/\/viaasesores.es\/wp-content\/uploads\/2017\/02\/413.jpg\" alt=\"\" width=\"128\" height=\"90\" \/><\/a><\/p>\n<p style=\"text-align: center;\"><a href=\"http:\/\/www.cope.es\/player\/nombre=13022017-emprender-es-facil&amp;id=2017021313040001&amp;activo=10\">\u00bfQuieres escuchar el programa en COPE m\u00e1s Murcia? S\u00f3lo haz CLICK aqu\u00ed<\/a><\/p>\n<p style=\"text-align: center;\"><iframe loading=\"lazy\" id=\"audio_16981877\" style=\"border: 1px solid #EEE; box-sizing: border-box; width: 100%;\" src=\"https:\/\/www.ivoox.com\/player_ej_16981877_4_1.html?c1=ff6600\" width=\"300\" height=\"200\" frameborder=\"0\" scrolling=\"no\" allowfullscreen=\"allowfullscreen\"><\/iframe><\/p>","protected":false},"excerpt":{"rendered":"<p>En el d\u00eda mundial de la radio comenzamos la radio del autoempleo con una grata noticia y es que siete de cada diez j\u00f3venes que hacen pr\u00e1cticas no laborales son contratados por las empresas En el apartado de RSC hablamos de Pupaclown y sus patrocinadores Y como Referencia de la semana invitamos a Avoir, una [&hellip;]<\/p>","protected":false},"author":1,"featured_media":2227,"comment_status":"open","ping_status":"open","sticky":false,"template":"","format":"standard","meta":[],"categories":[36,501,474,470,481,141,37,40],"tags":[661,512,260,261,90,662,663,102,664,665,666],"_links":{"self":[{"href":"https:\/\/www.decyde.es\/en\/wp-json\/wp\/v2\/posts\/2226"}],"collection":[{"href":"https:\/\/www.decyde.es\/en\/wp-json\/wp\/v2\/posts"}],"about":[{"href":"https:\/\/www.decyde.es\/en\/wp-json\/wp\/v2\/types\/post"}],"author":[{"embeddable":true,"href":"https:\/\/www.decyde.es\/en\/wp-json\/wp\/v2\/users\/1"}],"replies":[{"embeddable":true,"href":"https:\/\/www.decyde.es\/en\/wp-json\/wp\/v2\/comments?post=2226"}],"version-history":[{"count":0,"href":"https:\/\/www.decyde.es\/en\/wp-json\/wp\/v2\/posts\/2226\/revisions"}],"wp:featuredmedia":[{"embeddable":true,"href":"https:\/\/www.decyde.es\/en\/wp-json\/"}],"wp:attachment":[{"href":"https:\/\/www.decyde.es\/en\/wp-json\/wp\/v2\/media?parent=2226"}],"wp:term":[{"taxonomy":"category","embeddable":true,"href":"https:\/\/www.decyde.es\/en\/wp-json\/wp\/v2\/categories?post=2226"},{"taxonomy":"post_tag","embeddable":true,"href":"https:\/\/www.decyde.es\/en\/wp-json\/wp\/v2\/tags?post=2226"}],"curies":[{"name":"wp","href":"https:\/\/api.w.org\/{rel}","templated":true}]}}