{"id":2242,"date":"2017-02-20T23:43:57","date_gmt":"2017-02-20T22:43:57","guid":{"rendered":"http:\/\/viaasesores.es\/?p=2242"},"modified":"2017-02-20T23:43:57","modified_gmt":"2017-02-20T22:43:57","slug":"hybs-sneakers-de-diseno-en-la-semana-salon-miempresa-empf120-emprenderfacil-con-viaasesores-viadiario-cap-141","status":"publish","type":"post","link":"https:\/\/www.decyde.es\/en\/hybs-sneakers-de-diseno-en-la-semana-salon-miempresa-empf120-emprenderfacil-con-viaasesores-viadiario-cap-141\/","title":{"rendered":"Hybs, sneakers de dise\u00f1o en la semana Sal\u00f3n MiEmpresa #EmpF120 @EmprenderFacil con @ViaAsesores #ViaDiario cap 141"},"content":{"rendered":"<p>La noticia de la semana es la celebraci\u00f3n de la 8\u00aa edici\u00f3n Sal\u00f3n MiEmpresa en Madrid, con la 3\u00aa participaci\u00f3n como ponente de Fernando Zaplana en este que es el evento de referencia para emprendedores, empresarios y personas con inquietudes para el autoempleo<\/p>\n<p>Como noticia de RSC, Hefame entrega los fondos de sus carreras solidarias a la Asociaci\u00f3n Phelan McDermid<\/p>\n<p>Y la Referencia corresponde a Hybs, la nueva marca de sneakers murciana, llega para quedarse y triunfar en el mercado nacional Hace menos de dos a\u00f1os, tres amigos con esp\u00edritu emprendedor y una cabeza llena de buenas ideas, decidieron unir sus talentos para hacer algo diferente y transgresor.<\/p>\n<p>Quer\u00edan ser creativos, ir\u00f3nicos e impactantes, y despu\u00e9s de unas cuantas reuniones a pie de calle, no se lo pensaron dos veces y lanzaron su nueva marca de sneakers, HYBS.<\/p>\n<p><a href=\"http:\/\/www.cope.es\/index.jsp?seccion=2577&amp;idioma=es_ES&amp;activo=9&amp;id=2017022013010001\"><img decoding=\"async\" loading=\"lazy\" class=\"size-full wp-image-2230 aligncenter\" src=\"http:\/\/viaasesores.es\/wp-content\/uploads\/2017\/02\/413.jpg\" alt=\"\" width=\"128\" height=\"90\" \/><\/a><br \/>\n<iframe loading=\"lazy\" id=\"audio_17118543\" style=\"border: 1px solid #EEE; box-sizing: border-box; width: 100%;\" src=\"https:\/\/www.ivoox.com\/player_ej_17118543_4_1.html?c1=ff6600\" width=\"300\" height=\"200\" frameborder=\"0\" scrolling=\"no\" allowfullscreen=\"allowfullscreen\"><\/iframe><\/p>","protected":false},"excerpt":{"rendered":"<p>La noticia de la semana es la celebraci\u00f3n de la 8\u00aa edici\u00f3n Sal\u00f3n MiEmpresa en Madrid, con la 3\u00aa participaci\u00f3n como ponente de Fernando Zaplana en este que es el evento de referencia para emprendedores, empresarios y personas con inquietudes para el autoempleo Como noticia de RSC, Hefame entrega los fondos de sus carreras solidarias [&hellip;]<\/p>","protected":false},"author":1,"featured_media":2243,"comment_status":"open","ping_status":"open","sticky":false,"template":"","format":"standard","meta":[],"categories":[36,501,481,37,40],"tags":[167,513,148,669,646,102,647,670,671],"_links":{"self":[{"href":"https:\/\/www.decyde.es\/en\/wp-json\/wp\/v2\/posts\/2242"}],"collection":[{"href":"https:\/\/www.decyde.es\/en\/wp-json\/wp\/v2\/posts"}],"about":[{"href":"https:\/\/www.decyde.es\/en\/wp-json\/wp\/v2\/types\/post"}],"author":[{"embeddable":true,"href":"https:\/\/www.decyde.es\/en\/wp-json\/wp\/v2\/users\/1"}],"replies":[{"embeddable":true,"href":"https:\/\/www.decyde.es\/en\/wp-json\/wp\/v2\/comments?post=2242"}],"version-history":[{"count":0,"href":"https:\/\/www.decyde.es\/en\/wp-json\/wp\/v2\/posts\/2242\/revisions"}],"wp:featuredmedia":[{"embeddable":true,"href":"https:\/\/www.decyde.es\/en\/wp-json\/"}],"wp:attachment":[{"href":"https:\/\/www.decyde.es\/en\/wp-json\/wp\/v2\/media?parent=2242"}],"wp:term":[{"taxonomy":"category","embeddable":true,"href":"https:\/\/www.decyde.es\/en\/wp-json\/wp\/v2\/categories?post=2242"},{"taxonomy":"post_tag","embeddable":true,"href":"https:\/\/www.decyde.es\/en\/wp-json\/wp\/v2\/tags?post=2242"}],"curies":[{"name":"wp","href":"https:\/\/api.w.org\/{rel}","templated":true}]}}