{"id":2336,"date":"2017-03-15T19:46:31","date_gmt":"2017-03-15T18:46:31","guid":{"rendered":"http:\/\/viaasesores.es\/?p=2336"},"modified":"2017-03-15T19:46:31","modified_gmt":"2017-03-15T18:46:31","slug":"relanzate-3-el-desempleo-juvenil-y-la-empleabilidad-de-los-jovenes","status":"publish","type":"post","link":"https:\/\/www.decyde.es\/en\/relanzate-3-el-desempleo-juvenil-y-la-empleabilidad-de-los-jovenes\/","title":{"rendered":"Rel\u00e1nzate #3 &#8211; &#8216;El desempleo juvenil y la empleabilidad de los j\u00f3venes&#8217;"},"content":{"rendered":"<p><center><iframe loading=\"lazy\" id=\"iframe_player\" src=\"http:\/\/publisher.qbrick.com\/Embed.aspx?mcid=759F2C6068169fc0\" width=\"640\" height=\"360\" frameborder=\"0\" scrolling=\"no\">El &#8216;Rel\u00e1nzate&#8217; de este mi\u00e9rcoles se ha centrado en el desempleo juvenil.<\/iframe><\/center>El &#8216;Rel\u00e1nzate&#8217; de este mi\u00e9rcoles se ha centrado en el desempleo juvenil. La tasa de paro de los menores de 30 a\u00f1os en la Regi\u00f3n de Murcia es del 34,2 %, seg\u00fan la EPA. Desde el a\u00f1o 2013 se viene reduciendo, pero sigue siendo alta. Sobre\u00a0qu\u00e9 se puede hacer para reducirla hablan en este espacio\u00a0Fernando Zaplana, asesor en Decyde V\u00eda Asesores, y Carlos Vicente Caballero, fundador y socio de Motivia y promotor de La Era de los Valientes.<\/p>\n<p>En esta entrega se ha hablado de la Garant\u00eda Juvenil, de la Estrategia por el Empleo de Calidad, del contrato de pr\u00e1cticas no laborales, de la Cuota Cero y de la metodolog\u00eda con la que ayudar a identificar el trabajo que a una persona le gusta y se le da bien hacer.<\/p>","protected":false},"excerpt":{"rendered":"<p>El &#8216;Rel\u00e1nzate&#8217; de este mi\u00e9rcoles se ha centrado en el desempleo juvenil.El &#8216;Rel\u00e1nzate&#8217; de este mi\u00e9rcoles se ha centrado en el desempleo juvenil. La tasa de paro de los menores de 30 a\u00f1os en la Regi\u00f3n de Murcia es del 34,2 %, seg\u00fan la EPA. Desde el a\u00f1o 2013 se viene reduciendo, pero sigue siendo [&hellip;]<\/p>","protected":false},"author":1,"featured_media":2337,"comment_status":"open","ping_status":"open","sticky":false,"template":"","format":"standard","meta":[],"categories":[482,16],"tags":[685,56,686,687,688,483,51],"_links":{"self":[{"href":"https:\/\/www.decyde.es\/en\/wp-json\/wp\/v2\/posts\/2336"}],"collection":[{"href":"https:\/\/www.decyde.es\/en\/wp-json\/wp\/v2\/posts"}],"about":[{"href":"https:\/\/www.decyde.es\/en\/wp-json\/wp\/v2\/types\/post"}],"author":[{"embeddable":true,"href":"https:\/\/www.decyde.es\/en\/wp-json\/wp\/v2\/users\/1"}],"replies":[{"embeddable":true,"href":"https:\/\/www.decyde.es\/en\/wp-json\/wp\/v2\/comments?post=2336"}],"version-history":[{"count":0,"href":"https:\/\/www.decyde.es\/en\/wp-json\/wp\/v2\/posts\/2336\/revisions"}],"wp:featuredmedia":[{"embeddable":true,"href":"https:\/\/www.decyde.es\/en\/wp-json\/"}],"wp:attachment":[{"href":"https:\/\/www.decyde.es\/en\/wp-json\/wp\/v2\/media?parent=2336"}],"wp:term":[{"taxonomy":"category","embeddable":true,"href":"https:\/\/www.decyde.es\/en\/wp-json\/wp\/v2\/categories?post=2336"},{"taxonomy":"post_tag","embeddable":true,"href":"https:\/\/www.decyde.es\/en\/wp-json\/wp\/v2\/tags?post=2336"}],"curies":[{"name":"wp","href":"https:\/\/api.w.org\/{rel}","templated":true}]}}