{"id":2383,"date":"2017-03-27T17:21:45","date_gmt":"2017-03-27T16:21:45","guid":{"rendered":"http:\/\/viaasesores.es\/?p=2383"},"modified":"2017-03-27T17:21:45","modified_gmt":"2017-03-27T16:21:45","slug":"emprender-es-facil-125-activa-tu-mundo-la-imaginacion-al-poder-de-la-animacion-infantil","status":"publish","type":"post","link":"https:\/\/www.decyde.es\/en\/emprender-es-facil-125-activa-tu-mundo-la-imaginacion-al-poder-de-la-animacion-infantil\/","title":{"rendered":"Emprender es f\u00e1cil #125 &#8211; &#8216;Activa tu mundo, la imaginaci\u00f3n al poder de la animaci\u00f3n infantil&#8217;"},"content":{"rendered":"<p><a href=\"http:\/\/viaasesores.es\/wp-content\/uploads\/2017\/03\/activamundo.jpg\"><img decoding=\"async\" loading=\"lazy\" class=\"size-medium wp-image-2384 alignleft\" src=\"http:\/\/viaasesores.es\/wp-content\/uploads\/2017\/03\/activamundo-300x300.jpg\" alt=\"\" width=\"300\" height=\"300\" \/><\/a><\/p>\n<p>&nbsp;<\/p>\n<p>En esta edici\u00f3n de nuestro espacio hablamos de Katana Agrifood, una aceleradora de negocios financiada por la Uni\u00f3n Europea y enfocada a la industria agroalimentaria que interesa mucho a nuestra regi\u00f3n.\u00a0Contamos tambi\u00e9n c\u00f3mo una c\u00e1tedra de la UCAM ha concedido\u00a0el premio\u00a0&#8216;Hack for good&#8217; de su sede a una app\u00a0relacionada con la prevenci\u00f3n del cyber bullying mediante el uso de inteligencia artificial.<\/p>\n<p>En nuestra entrevista, tratamos el tema de\u00a0los servicios de ocio y cultura infantil, que est\u00e1n cada vez m\u00e1s en auge. Concretamente los que ofrece &#8216;Activa tu mundo&#8217;, una iniciativa\u00a0personalizada por clientes y dedicada a la imaginaci\u00f3n como motor de diversi\u00f3n y entretenimiento. Teatro, cocina, baile o cualquier otra propuesta que sirva para activar la imaginaci\u00f3n de los m\u00e1s peque\u00f1os mientras los mayores disfrutan del evento para adultos correspondiente, ya sea una boda, un bautizo o cualquier otra reuni\u00f3n.<\/p>\n<p>Escucha nuestro programa <a href=\"http:\/\/www.cope.es\/audios\/manana-murcia-regional-local\/emprender-facil_169945\">#125 aqu\u00ed.<\/a><\/p>","protected":false},"excerpt":{"rendered":"<p>&nbsp; En esta edici\u00f3n de nuestro espacio hablamos de Katana Agrifood, una aceleradora de negocios financiada por la Uni\u00f3n Europea y enfocada a la industria agroalimentaria que interesa mucho a nuestra regi\u00f3n.\u00a0Contamos tambi\u00e9n c\u00f3mo una c\u00e1tedra de la UCAM ha concedido\u00a0el premio\u00a0&#8216;Hack for good&#8217; de su sede a una app\u00a0relacionada con la prevenci\u00f3n del cyber [&hellip;]<\/p>","protected":false},"author":1,"featured_media":2385,"comment_status":"open","ping_status":"open","sticky":false,"template":"","format":"standard","meta":[],"categories":[501],"tags":[701,702,87,675,703,704,705],"_links":{"self":[{"href":"https:\/\/www.decyde.es\/en\/wp-json\/wp\/v2\/posts\/2383"}],"collection":[{"href":"https:\/\/www.decyde.es\/en\/wp-json\/wp\/v2\/posts"}],"about":[{"href":"https:\/\/www.decyde.es\/en\/wp-json\/wp\/v2\/types\/post"}],"author":[{"embeddable":true,"href":"https:\/\/www.decyde.es\/en\/wp-json\/wp\/v2\/users\/1"}],"replies":[{"embeddable":true,"href":"https:\/\/www.decyde.es\/en\/wp-json\/wp\/v2\/comments?post=2383"}],"version-history":[{"count":0,"href":"https:\/\/www.decyde.es\/en\/wp-json\/wp\/v2\/posts\/2383\/revisions"}],"wp:featuredmedia":[{"embeddable":true,"href":"https:\/\/www.decyde.es\/en\/wp-json\/"}],"wp:attachment":[{"href":"https:\/\/www.decyde.es\/en\/wp-json\/wp\/v2\/media?parent=2383"}],"wp:term":[{"taxonomy":"category","embeddable":true,"href":"https:\/\/www.decyde.es\/en\/wp-json\/wp\/v2\/categories?post=2383"},{"taxonomy":"post_tag","embeddable":true,"href":"https:\/\/www.decyde.es\/en\/wp-json\/wp\/v2\/tags?post=2383"}],"curies":[{"name":"wp","href":"https:\/\/api.w.org\/{rel}","templated":true}]}}