{"id":2397,"date":"2017-03-20T12:44:55","date_gmt":"2017-03-20T11:44:55","guid":{"rendered":"http:\/\/viaasesores.es\/?p=2397"},"modified":"2017-03-20T12:44:55","modified_gmt":"2017-03-20T11:44:55","slug":"emprender-es-facil-124-endulza-tu-vida-con-godis","status":"publish","type":"post","link":"https:\/\/www.decyde.es\/en\/emprender-es-facil-124-endulza-tu-vida-con-godis\/","title":{"rendered":"Emprender es f\u00e1cil #124 &#8211; &#8216;Endulza tu vida con Godis&#8217;"},"content":{"rendered":"<p><a href=\"http:\/\/viaasesores.es\/wp-content\/uploads\/2017\/03\/Godis.jpg\"><img decoding=\"async\" loading=\"lazy\" class=\"size-medium wp-image-2398 alignleft\" src=\"http:\/\/viaasesores.es\/wp-content\/uploads\/2017\/03\/Godis-300x300.jpg\" alt=\"\" width=\"300\" height=\"300\" \/><\/a><\/p>\n<p>&nbsp;<\/p>\n<p>En nuestra secci\u00f3n de noticias de esta edici\u00f3n, Fernando Zaplana nos enuncia\u00a0las claves del &#8216;Speed Up&#8217;, un programa del Instituto de Fomento para ayudar a rentabilizar negocios a trav\u00e9s del uso de las RRSS. En cuanto al apartado de responsabilidad social corporativa, hablamos de &#8216;Incorpora&#8217;, un programa que cuenta con un satisfactorio desarrollo durante la \u00faltima d\u00e9cada. Han entregado unos galardones que reconocen la labor de los premiados en su campo de acci\u00f3n.<\/p>\n<p>La entrevista de esta semana, nuestra &#8216;\u00bbreferencia\u00bb, la protagonizan Encarnaci\u00f3n Fern\u00e1ndez y Roberto Ros, responsables de Godis Dulce Poder. Se dedican a dulcificar nuestra vida a trav\u00e9s de diversos productos y del buen\u00a0trato a su clientela.<\/p>\n<p>Escucha el <a href=\"http:\/\/www.cope.es\/audios\/manana-murcia-regional-local\/emprender-facil-murcia-20032017_167290\">programa #124 AQU\u00cd<\/a>.<\/p>","protected":false},"excerpt":{"rendered":"<p>&nbsp; En nuestra secci\u00f3n de noticias de esta edici\u00f3n, Fernando Zaplana nos enuncia\u00a0las claves del &#8216;Speed Up&#8217;, un programa del Instituto de Fomento para ayudar a rentabilizar negocios a trav\u00e9s del uso de las RRSS. En cuanto al apartado de responsabilidad social corporativa, hablamos de &#8216;Incorpora&#8217;, un programa que cuenta con un satisfactorio desarrollo durante [&hellip;]<\/p>","protected":false},"author":1,"featured_media":2402,"comment_status":"open","ping_status":"open","sticky":false,"template":"","format":"standard","meta":[],"categories":[501],"tags":[],"_links":{"self":[{"href":"https:\/\/www.decyde.es\/en\/wp-json\/wp\/v2\/posts\/2397"}],"collection":[{"href":"https:\/\/www.decyde.es\/en\/wp-json\/wp\/v2\/posts"}],"about":[{"href":"https:\/\/www.decyde.es\/en\/wp-json\/wp\/v2\/types\/post"}],"author":[{"embeddable":true,"href":"https:\/\/www.decyde.es\/en\/wp-json\/wp\/v2\/users\/1"}],"replies":[{"embeddable":true,"href":"https:\/\/www.decyde.es\/en\/wp-json\/wp\/v2\/comments?post=2397"}],"version-history":[{"count":0,"href":"https:\/\/www.decyde.es\/en\/wp-json\/wp\/v2\/posts\/2397\/revisions"}],"wp:featuredmedia":[{"embeddable":true,"href":"https:\/\/www.decyde.es\/en\/wp-json\/"}],"wp:attachment":[{"href":"https:\/\/www.decyde.es\/en\/wp-json\/wp\/v2\/media?parent=2397"}],"wp:term":[{"taxonomy":"category","embeddable":true,"href":"https:\/\/www.decyde.es\/en\/wp-json\/wp\/v2\/categories?post=2397"},{"taxonomy":"post_tag","embeddable":true,"href":"https:\/\/www.decyde.es\/en\/wp-json\/wp\/v2\/tags?post=2397"}],"curies":[{"name":"wp","href":"https:\/\/api.w.org\/{rel}","templated":true}]}}