{"id":2426,"date":"2017-04-14T17:04:00","date_gmt":"2017-04-14T16:04:00","guid":{"rendered":"http:\/\/viaasesores.es\/?p=2426"},"modified":"2017-04-14T17:04:00","modified_gmt":"2017-04-14T16:04:00","slug":"relanzate-8-murcia-tradicion-gastronomia-y-huerta-de-europa","status":"publish","type":"post","link":"https:\/\/www.decyde.es\/en\/relanzate-8-murcia-tradicion-gastronomia-y-huerta-de-europa\/","title":{"rendered":"Rel\u00e1nzaTe #8 &#8211; &#8216;Murcia: tradici\u00f3n, gastronom\u00eda y huerta de Europa&#8217;"},"content":{"rendered":"<p style=\"text-align: center;\"><iframe loading=\"lazy\" id=\"iframe_player\" src=\"http:\/\/publisher.qbrick.com\/Embed.aspx?mcid=96BBF7EF68169fc0\" width=\"640\" height=\"360\" frameborder=\"0\" scrolling=\"no\">You need a browser that can handle Iframes to be able to view this page.<\/iframe><\/p>\n<p>En esta entrega\u00a0de #Rel\u00e1nzate hemos hablado de las oportunidades que ofrece la Regi\u00f3n de Murcia con productos aut\u00f3ctonos o importados. Fernando Zaplana ha hecho un ejercicio de identificaci\u00f3n de oportunidades a prop\u00f3sito de la Semana Santa y Fiestas de Primavera de Murcia.<\/p>\n<p>Como cada mi\u00e9rcoles, para desarrollar el tema que tratamos, nos ha acompa\u00f1ado un invitado. En esta ocasi\u00f3n Juan Carlos Hern\u00e1ndez, director del grupo Confiter\u00edas Maite, ha explicado c\u00f3mo se actualiza el modelo de negocio en la empresa, qu\u00e9 es el producto tradicional y c\u00f3mo lo utiliza. Tambi\u00e9n ha explicado qu\u00e9 grasas o aceites se emplean en el trabajo artesano y qu\u00e9 productos hay de temporada estos d\u00edas en las confiter\u00edas.<\/p>","protected":false},"excerpt":{"rendered":"<p>You need a browser that can handle Iframes to be able to view this page. En esta entrega\u00a0de #Rel\u00e1nzate hemos hablado de las oportunidades que ofrece la Regi\u00f3n de Murcia con productos aut\u00f3ctonos o importados. Fernando Zaplana ha hecho un ejercicio de identificaci\u00f3n de oportunidades a prop\u00f3sito de la Semana Santa y Fiestas de Primavera [&hellip;]<\/p>","protected":false},"author":1,"featured_media":2428,"comment_status":"open","ping_status":"open","sticky":false,"template":"","format":"standard","meta":[],"categories":[482],"tags":[240,721,722,723,154,724,586,725,361,726,158,727,728,729,100,730,731,732,733,532],"_links":{"self":[{"href":"https:\/\/www.decyde.es\/en\/wp-json\/wp\/v2\/posts\/2426"}],"collection":[{"href":"https:\/\/www.decyde.es\/en\/wp-json\/wp\/v2\/posts"}],"about":[{"href":"https:\/\/www.decyde.es\/en\/wp-json\/wp\/v2\/types\/post"}],"author":[{"embeddable":true,"href":"https:\/\/www.decyde.es\/en\/wp-json\/wp\/v2\/users\/1"}],"replies":[{"embeddable":true,"href":"https:\/\/www.decyde.es\/en\/wp-json\/wp\/v2\/comments?post=2426"}],"version-history":[{"count":0,"href":"https:\/\/www.decyde.es\/en\/wp-json\/wp\/v2\/posts\/2426\/revisions"}],"wp:featuredmedia":[{"embeddable":true,"href":"https:\/\/www.decyde.es\/en\/wp-json\/"}],"wp:attachment":[{"href":"https:\/\/www.decyde.es\/en\/wp-json\/wp\/v2\/media?parent=2426"}],"wp:term":[{"taxonomy":"category","embeddable":true,"href":"https:\/\/www.decyde.es\/en\/wp-json\/wp\/v2\/categories?post=2426"},{"taxonomy":"post_tag","embeddable":true,"href":"https:\/\/www.decyde.es\/en\/wp-json\/wp\/v2\/tags?post=2426"}],"curies":[{"name":"wp","href":"https:\/\/api.w.org\/{rel}","templated":true}]}}