{"id":2499,"date":"2017-05-17T18:26:55","date_gmt":"2017-05-17T17:26:55","guid":{"rendered":"http:\/\/viaasesores.es\/?p=2499"},"modified":"2018-02-23T12:04:32","modified_gmt":"2018-02-23T12:04:32","slug":"la-relacion-entre-empresa-y-deporte-en-nuestra-region-a-debate-entre-destacados-profesionales","status":"publish","type":"post","link":"https:\/\/www.decyde.es\/en\/la-relacion-entre-empresa-y-deporte-en-nuestra-region-a-debate-entre-destacados-profesionales\/","title":{"rendered":"Inversi\u00f3n, deporte de base y turismo deportivo, a debate entre expertos en la tertulia convocada por Decyde V\u00eda Asesores"},"content":{"rendered":"<p><center><iframe loading=\"lazy\" src=\"https:\/\/www.youtube.com\/embed\/uzhcw8iDI-8\" width=\"560\" height=\"315\" frameborder=\"0\" allowfullscreen=\"allowfullscreen\"><\/iframe><\/center><\/p>\n<p class=\"m-1552402407585543827gmail-p1\" style=\"text-align: justify; background: white;\"><span class=\"m-1552402407585543827gmail-s1\"><span style=\"font-size: 8.5pt; font-family: 'Arial','sans-serif'; color: #222222;\">\u2018Empresa y Deporte\u2019, el evento organizado por Fernando Zaplana al frente de Decyde V\u00eda Asesores, convoc\u00f3 a destacados profesionales de distintos sectores interesados en escuchar a los ponentes y participar en el posterior almuerzo-tertulia en el restaurante del Real Casino de Murcia. Jos\u00e9 Mar\u00eda Albarrac\u00edn, presidente de CROEM, Alberto Aguirre, director de La Verdad y Francisco Bernab\u00e9, diputado nacional del Partido Popular fueron los intervinientes de un debate inicial moderado por Francisco Lastra, jefe de Deportes de La Verdad. Entre los asistentes pudimos ver rostros importantes del mundo de la empresa y el deporte como los de Juan Jim\u00e9nez, de Jimbofresh International, Ram\u00f3n Meg\u00edas de COC Cl\u00ednicas Oftalmol\u00f3gicas, Francisco S\u00e1nchez de Francisco Arag\u00f3n o Jos\u00e9 Luis Morga empresario y directivo de la Federaci\u00f3n de F\u00fatbol de la Regi\u00f3n de Murcia. La periodista Helena Mart\u00ednez introdujo con solvencia y una serie de datos ilustrativos el tema a tratar, tras lo que comenz\u00f3 la charla, centrada en tres bloques principales que aqu\u00ed desglosamos.\u00a0<\/span><\/span><\/p>\n<p class=\"m-1552402407585543827gmail-p1\" style=\"text-align: justify; background: white;\"><a href=\"http:\/\/viaasesores.es\/wp-content\/uploads\/2017\/05\/PRuiz-3752.jpg\"><img decoding=\"async\" loading=\"lazy\" class=\"wp-image-2500 alignleft\" src=\"http:\/\/viaasesores.es\/wp-content\/uploads\/2017\/05\/PRuiz-3752-300x200.jpg\" alt=\"\" width=\"373\" height=\"250\" \/><\/a><\/p>\n<p class=\"m-1552402407585543827gmail-p1\" style=\"text-align: start; background: white; font-variant-ligatures: normal; font-variant-caps: normal; orphans: 2; widows: 2; -webkit-text-stroke-width: 0px; text-decoration-style: initial; text-decoration-color: initial; word-spacing: 0px;\"><span class=\"m-1552402407585543827gmail-s1\"><b><span style=\"font-size: 8.5pt; font-family: 'Arial','sans-serif'; color: #222222;\">Inversi\u00f3n.<\/span><\/b><\/span><\/p>\n<p class=\"m-1552402407585543827gmail-p1\" style=\"text-align: start; background: white; font-variant-ligatures: normal; font-variant-caps: normal; orphans: 2; widows: 2; -webkit-text-stroke-width: 0px; text-decoration-style: initial; text-decoration-color: initial; word-spacing: 0px;\"><span class=\"m-1552402407585543827gmail-s1\"><span style=\"font-size: 8.5pt; font-family: 'Arial','sans-serif'; color: #222222;\">Jos\u00e9 Mar\u00eda Albarrac\u00edn abri\u00f3 el debate sin demasiados rodeos reivindicando la deseada Ley de Mecenazgo. Insisti\u00f3 en que cada vez se invierte m\u00e1s en la Regi\u00f3n de Murcia y que se han dado grandes pasos que ir\u00e1n dando frutos sobre todo gracias a la reciente legislaci\u00f3n aprobada.\u00a0<\/span><\/span><\/p>\n<p class=\"m-1552402407585543827gmail-p1\" style=\"text-align: start; background: white; font-variant-ligatures: normal; font-variant-caps: normal; orphans: 2; widows: 2; -webkit-text-stroke-width: 0px; text-decoration-style: initial; text-decoration-color: initial; word-spacing: 0px;\"><span class=\"m-1552402407585543827gmail-s1\"><span style=\"font-size: 8.5pt; font-family: 'Arial','sans-serif'; color: #222222;\">Alberto Aguirre, director de La Verdad, prefiri\u00f3 comenzar tirando de cifras oficiales. Afirm\u00f3 que desde el inicio de la crisis ha aumentado el negocio alrededor del deporte, llegando a suponer m\u00e1s del 2% del PIB nacional. Present\u00f3 este porcentaje como superior al de la media de la UE y trat\u00f3 el contraste entre el descenso de los patrocinios frente al aumento de las empresas relacionadas con el deporte, menos en fabricaci\u00f3n de material para su pr\u00e1ctica que en organizaci\u00f3n y prestaci\u00f3n de servicios vinculados a la misma. Fue en su intervenci\u00f3n cuando apareci\u00f3 por primera vez el Mar Menor como nicho de turismo deportivo. En este sentido puso sobre la mesa el tema de la falta de coordinaci\u00f3n entre municipios que deriva en eventos que se solapan. Pidi\u00f3 un plan especifico regional para el turismo deportivo y destac\u00f3 la necesidad que tenemos de tener un equipo de f\u00fatbol en primera divisi\u00f3n, como ya ocurre con el baloncesto.\u00a0<\/span><\/span><\/p>\n<p class=\"m-1552402407585543827gmail-p1\" style=\"text-align: start; background: white; font-variant-ligatures: normal; font-variant-caps: normal; orphans: 2; widows: 2; -webkit-text-stroke-width: 0px; text-decoration-style: initial; text-decoration-color: initial; word-spacing: 0px;\"><span class=\"m-1552402407585543827gmail-s1\"><span style=\"font-size: 8.5pt; font-family: 'Arial','sans-serif'; color: #222222;\">Francisco Bernab\u00e9, diputado del Partido Popular, arranc\u00f3 con un \u201c\u00a1Fotis, qu\u00e9date!\u201d en clara alusi\u00f3n a entrenador del UCAM, a lo que Paco Lastra a\u00f1adi\u00f3: \u201cQue se quede Campazzo tambi\u00e9n\u201d. Bernab\u00e9 tambi\u00e9n mencion\u00f3 los incentivos fiscales, afirmando que hacen falta m\u00e1s. Resalt\u00f3 la labor de El Pozo y la UCAM y la necesidad de m\u00e1s empresas como estas. \u201cNo se ha entendido del todo el alcance econ\u00f3mico del deporte a\u00fan\u201d. Anim\u00f3 a \u201cquitarse la venda de los ojos\u201d\u00a0 en este sentido y expli\u00f3 que el empresario ha de tener contraprestaciones como, por ejemplo \u201cpalcos VIP para sus invitados\u201d a cambio de su apoyo.<\/span><\/span><\/p>\n<p class=\"m-1552402407585543827gmail-p4\" style=\"text-align: start; background: white; font-variant-ligatures: normal; font-variant-caps: normal; orphans: 2; widows: 2; -webkit-text-stroke-width: 0px; text-decoration-style: initial; text-decoration-color: initial; word-spacing: 0px;\"><span class=\"m-1552402407585543827gmail-s1\"><b><span style=\"font-size: 8.5pt; font-family: 'Arial','sans-serif'; color: #222222;\">Deporte de base<\/span><\/b><\/span><\/p>\n<p class=\"m-1552402407585543827gmail-p1\" style=\"text-align: start; background: white; font-variant-ligatures: normal; font-variant-caps: normal; orphans: 2; widows: 2; -webkit-text-stroke-width: 0px; text-decoration-style: initial; text-decoration-color: initial; word-spacing: 0px;\"><span class=\"m-1552402407585543827gmail-s1\"><span style=\"font-size: 8.5pt; font-family: 'Arial','sans-serif'; color: #222222;\">Comenz\u00f3 tambi\u00e9n Albarrac\u00edn este turno haciendo un gui\u00f1o a los empresarios como representante de los mismos: \u201cCuando hay empresas y empresarios que se lanzan a la labor de sponsorizar e invertir en deporte hay que cuidarlos. Hoy d\u00eda tenemos un pa\u00eds en el que las comunidades aut\u00f3nomas legislan lo que quieren\u201d. Con esto quiso explicar que los que ofrecen mejores incentivos se llevan el servicio de las empresas patrocinadoras. Detall\u00f3 que Murcia hay unas 45.000 empresas, de las que m\u00e1s de 3.000 invierten en deporte. De esos, un 90% lo hacen en deporte base. \u201cL\u00f3gicamente, el f\u00fatbol destaca sobre el resto y es el que mayor trozo del pastel se lleva\u201d, asegur\u00f3. Cerr\u00f3 tajante esta intervenci\u00f3n insistiendo en la necesidad de \u201creducci\u00f3n de impuestos hasta el m\u00e1ximo e incentivos fiscales en desgravaci\u00f3n\u201d como una forma de alcanzar la situaci\u00f3n deseada, sobre todo a partir de la mencionada Ley de Mecenazgo.\u00a0<a href=\"http:\/\/viaasesores.es\/wp-content\/uploads\/2017\/05\/PRuiz-3748.jpg\"><img decoding=\"async\" loading=\"lazy\" class=\"wp-image-2508 alignright\" src=\"http:\/\/viaasesores.es\/wp-content\/uploads\/2017\/05\/PRuiz-3748-300x200.jpg\" alt=\"\" width=\"351\" height=\"234\" \/><\/a><\/span><\/span><\/p>\n<p class=\"m-1552402407585543827gmail-p1\" style=\"text-align: start; background: white; font-variant-ligatures: normal; font-variant-caps: normal; orphans: 2; widows: 2; -webkit-text-stroke-width: 0px; text-decoration-style: initial; text-decoration-color: initial; word-spacing: 0px;\"><span class=\"m-1552402407585543827gmail-s1\"><span style=\"font-size: 8.5pt; font-family: 'Arial','sans-serif'; color: #222222;\">Aguirre destac\u00f3 nuestra ventaja con respecto a otros lugares: que las que apuestan por patrocinar el deporte son empresas de aqu\u00ed. \u201cNo tenemos ning\u00fan jeque como el M\u00e1laga. Aqu\u00ed hay buenas empresas y adem\u00e1s cuidan la base\u201d.\u00a0 Una vez m\u00e1s, afirm\u00f3 que \u201ctodo va a depender de los incentivos y de la forma en la que se apliquen las ayudas p\u00fablicas\u201d, ya que los m\u00e1rgenes de beneficio en este asunto son muy ajustados y el empresario no puede perder dinero en su aventura de apoyo al deporte.<\/span><\/span><\/p>\n<p class=\"m-1552402407585543827gmail-p1\" style=\"text-align: start; background: white; font-variant-ligatures: normal; font-variant-caps: normal; orphans: 2; widows: 2; -webkit-text-stroke-width: 0px; text-decoration-style: initial; text-decoration-color: initial; word-spacing: 0px;\"><span class=\"m-1552402407585543827gmail-s1\"><span style=\"font-size: 8.5pt; font-family: 'Arial','sans-serif'; color: #222222;\">El nombre de Murcia por el exterior y su importancia fue el argumento de Bernab\u00e9 para insistir a\u00fan m\u00e1s en la necesidad de apoyo p\u00fablico al deporte, recordando que con el UCAM ha viajado por Espa\u00f1a y Europa y que este a\u00f1o ha sido Caravaca el lugar promocionado, pero el pr\u00f3ximo podr\u00eda ser el Mar Menor.\u00a0<\/span><\/span><\/p>\n<p class=\"m-1552402407585543827gmail-p1\" style=\"text-align: start; background: white; font-variant-ligatures: normal; font-variant-caps: normal; orphans: 2; widows: 2; -webkit-text-stroke-width: 0px; text-decoration-style: initial; text-decoration-color: initial; word-spacing: 0px;\"><span class=\"m-1552402407585543827gmail-s1\"><span style=\"font-size: 8.5pt; font-family: 'Arial','sans-serif'; color: #222222;\">Las ventas de peri\u00f3dicos se introdujeron entonces en el debate, a pregunta del propio Bernab\u00e9. Aguirre explic\u00f3 que los \u00e9xitos deportivos generan mucho negocio. \u201cLas noticias positivas son las que m\u00e1s gusta dar y las que mejor se venden\u201d. Insisti\u00f3 una vez m\u00e1s en la importancia de un equipo en primera divisi\u00f3n y lo bueno que eso ser\u00eda para la imagen de la ciudad.\u00a0<\/span><\/span><\/p>\n<p class=\"m-1552402407585543827gmail-p1\" style=\"text-align: start; background: white; font-variant-ligatures: normal; font-variant-caps: normal; orphans: 2; widows: 2; -webkit-text-stroke-width: 0px; text-decoration-style: initial; text-decoration-color: initial; word-spacing: 0px;\"><span class=\"m-1552402407585543827gmail-s1\"><span style=\"font-size: 8.5pt; font-family: 'Arial','sans-serif'; color: #222222;\">Volviendo al deporte base, Francisco Bernab\u00e9 habl\u00f3 de El Pozo como ejemplo de buena gesti\u00f3n en \u00e9poca de vacas flacas, ya que la mitad son chavales de la cantera. Cit\u00f3 tambi\u00e9n a los infantiles del UCAM, \u201cque han hecho un trabajo excepcional\u201d. Concluy\u00f3 diciendo sobre el apoyo a la cantera que \u201ces un trabajo a largo plazo y hay que invertir en categor\u00edas inferiores\u201d. A\u00f1adi\u00f3 adem\u00e1s un dato vinculado directamente a la pol\u00edtica regional, recordando que antes nuestra comunidad aut\u00f3noma ingresaba alrededor de los 5.000 millones frente a los<\/span><\/span><\/p>\n<p class=\"m-1552402407585543827gmail-p1\" style=\"text-align: justify; background: white;\"><span class=\"m-1552402407585543827gmail-s1\"><span style=\"font-size: 8.5pt; font-family: 'Arial','sans-serif'; color: #222222;\">4.000 de ahora. En esa diferencia presupuestaria, asegur\u00f3, pierde el deporte porque se prefiere destinar partidas a otros fines que se consideran m\u00e1s importantes.<\/span><\/span><\/p>\n<p class=\"m-1552402407585543827gmail-p1\" style=\"text-align: justify; background: white;\"><span class=\"m-1552402407585543827gmail-s1\"><span style=\"font-size: 8.5pt; font-family: 'Arial','sans-serif'; color: #222222;\"><a href=\"http:\/\/viaasesores.es\/wp-content\/uploads\/2017\/05\/PRuiz-3773.jpg\"><img decoding=\"async\" loading=\"lazy\" class=\"wp-image-2503 alignleft\" src=\"http:\/\/viaasesores.es\/wp-content\/uploads\/2017\/05\/PRuiz-3773-300x200.jpg\" alt=\"\" width=\"343\" height=\"230\" \/><\/a>\u00a0<\/span><\/span><span class=\"m-1552402407585543827gmail-s1\"><b><span style=\"font-size: 8.5pt; font-family: 'Arial','sans-serif'; color: #222222;\">Turismo deportivo<\/span><\/b><\/span><\/p>\n<p class=\"m-1552402407585543827gmail-p1\" style=\"text-align: start; background: white; font-variant-ligatures: normal; font-variant-caps: normal; orphans: 2; widows: 2; -webkit-text-stroke-width: 0px; text-decoration-style: initial; text-decoration-color: initial; word-spacing: 0px;\"><span class=\"m-1552402407585543827gmail-s1\"><span style=\"font-size: 8.5pt; font-family: 'Arial','sans-serif'; color: #222222;\">No tardaron en aparecer las condiciones clim\u00e1ticas de la regi\u00f3n de Murcia como uno de nuestros atractivos fundamentales. Fue Bernab\u00e9 el que las mencion\u00f3. Cit\u00f3 al Grupo Fuertes y su anunciada inversi\u00f3n en una cadena de lujo de hoteles deportivos en Los Urrutias. Y ensalz\u00f3 al golf como generador de riqueza y trabajo de calidad. La na\u00fatica, el golf, el turismo de aventura y monta\u00f1a en el interior.., todas estas alternativas fueron planteadas como viables para un futuro\u00a0prometedor seg\u00fan el diputado. \u00a0<\/span><\/span><\/p>\n<p class=\"m-1552402407585543827gmail-p1\" style=\"text-align: start; background: white; font-variant-ligatures: normal; font-variant-caps: normal; orphans: 2; widows: 2; -webkit-text-stroke-width: 0px; text-decoration-style: initial; text-decoration-color: initial; word-spacing: 0px;\"><span class=\"m-1552402407585543827gmail-s1\"><span style=\"font-size: 8.5pt; font-family: 'Arial','sans-serif'; color: #222222;\">El presidente de la CROEM, por otro lado, dijo que \u201ccuando llegue la alta velocidad estaremos al mismo nivel de otras comunidades\u201d. A\u00f1adi\u00f3 el aeropuerto, \u201ccuando est\u00e9 en condiciones\u201d, como otra de las infraestructuras clave. Plante\u00f3 la cifra de \u201cun mill\u00f3n de turistas de pa\u00edses escandinavos\u201d y la gran cantidad de turismo deportivo que entrar\u00e1 por la v\u00eda a\u00e9rea para jugar al golf en nuestra zona. Resalt\u00f3, para terminar, otra necesidad, la de infraestructuras hoteleras con capacidad de respuesta ante esta \u201cincluso avalancha\u201d de turismo prevista. \u201cHacer un congreso de cualquier tipo en la capital con 1.500 personas es muy complicado, hay que distribuir esa afluencia en varios hoteles\u201d, asegur\u00f3. Albarrac\u00edn tambi\u00e9n se quiso sumar al \u201c\u00a1Fotis qu\u00e9date!\u201d como fin de fiesta.\u00a0<\/span><\/span><\/p>","protected":false},"excerpt":{"rendered":"<p>\u2018Empresa y Deporte\u2019, el evento organizado por Fernando Zaplana al frente de Decyde V\u00eda Asesores, convoc\u00f3 a destacados profesionales de distintos sectores interesados en escuchar a los ponentes y participar en el posterior almuerzo-tertulia en el restaurante del Real Casino de Murcia. Jos\u00e9 Mar\u00eda Albarrac\u00edn, presidente de CROEM, Alberto Aguirre, director de La Verdad y [&hellip;]<\/p>","protected":false},"author":1,"featured_media":3266,"comment_status":"open","ping_status":"open","sticky":false,"template":"","format":"standard","meta":[],"categories":[16,37],"tags":[794,580,795,796,797,798,160,799,800,801,91,655,802,803,47,804,805,806,807,808,809,810,811,812,813,218,814],"_links":{"self":[{"href":"https:\/\/www.decyde.es\/en\/wp-json\/wp\/v2\/posts\/2499"}],"collection":[{"href":"https:\/\/www.decyde.es\/en\/wp-json\/wp\/v2\/posts"}],"about":[{"href":"https:\/\/www.decyde.es\/en\/wp-json\/wp\/v2\/types\/post"}],"author":[{"embeddable":true,"href":"https:\/\/www.decyde.es\/en\/wp-json\/wp\/v2\/users\/1"}],"replies":[{"embeddable":true,"href":"https:\/\/www.decyde.es\/en\/wp-json\/wp\/v2\/comments?post=2499"}],"version-history":[{"count":2,"href":"https:\/\/www.decyde.es\/en\/wp-json\/wp\/v2\/posts\/2499\/revisions"}],"predecessor-version":[{"id":3265,"href":"https:\/\/www.decyde.es\/en\/wp-json\/wp\/v2\/posts\/2499\/revisions\/3265"}],"wp:featuredmedia":[{"embeddable":true,"href":"https:\/\/www.decyde.es\/en\/wp-json\/wp\/v2\/media\/3266"}],"wp:attachment":[{"href":"https:\/\/www.decyde.es\/en\/wp-json\/wp\/v2\/media?parent=2499"}],"wp:term":[{"taxonomy":"category","embeddable":true,"href":"https:\/\/www.decyde.es\/en\/wp-json\/wp\/v2\/categories?post=2499"},{"taxonomy":"post_tag","embeddable":true,"href":"https:\/\/www.decyde.es\/en\/wp-json\/wp\/v2\/tags?post=2499"}],"curies":[{"name":"wp","href":"https:\/\/api.w.org\/{rel}","templated":true}]}}