{"id":2516,"date":"2017-05-18T10:00:47","date_gmt":"2017-05-18T09:00:47","guid":{"rendered":"http:\/\/viaasesores.es\/?p=2516"},"modified":"2018-02-23T12:03:55","modified_gmt":"2018-02-23T12:03:55","slug":"relanzate-12mas1-mutuas-y-seguridad-social","status":"publish","type":"post","link":"https:\/\/www.decyde.es\/en\/relanzate-12mas1-mutuas-y-seguridad-social\/","title":{"rendered":"Rel\u00e1nzaTe #12m\u00e1s1 &#8211; &#8216;Mutuas y Seguridad Social \u00bfc\u00f3mo funcionan?&#8217;"},"content":{"rendered":"<p>&nbsp;<\/p>\n<p style=\"text-align: center;\"><iframe loading=\"lazy\" id=\"iframe_player\" src=\"http:\/\/publisher.qbrick.com\/Embed.aspx?mcid=18E3C34F68169fc0\" width=\"640\" height=\"360\" frameborder=\"0\" scrolling=\"no\">You need a browser that can handle Iframes to be able to view this page.<\/iframe><\/p>\n<p>En esta edici\u00f3n de\u00a0#Rel\u00e1nzaTe hemos hablado de las mutuas, asociaciones privadas de empresarios que colaboran con el Ministerio de Empleo y Seguridad Social. Para profundizar en el tema nos ha acompa\u00f1ado Eduardo Ruiz Esteban, director territorial de Ibermutuamur.<\/p>\n<p>El asesor Fernando Zaplana ha detallado que todos los aut\u00f3nomos y las empresas deben vincularse obligatoriamente a una mutua. Ha explicado adem\u00e1s qu\u00e9 diferencia hay entre entidad de riesgos laborales y mutua.<\/p>\n<p>Ruiz Esteban ha expuesto qu\u00e9 servicios prestan las mutuas, c\u00f3mo gestionan los accidentes de trabajo y las enfermedades profesionales. Igualmente, ha respondido a una pregunta formulada en Twitter por una enfermera. Y ha justificado las llamadas que reciben los trabajadores desde la mutua cuando est\u00e1n de baja, convalecientes\u2026<\/p>","protected":false},"excerpt":{"rendered":"<p>&nbsp; You need a browser that can handle Iframes to be able to view this page. En esta edici\u00f3n de\u00a0#Rel\u00e1nzaTe hemos hablado de las mutuas, asociaciones privadas de empresarios que colaboran con el Ministerio de Empleo y Seguridad Social. Para profundizar en el tema nos ha acompa\u00f1ado Eduardo Ruiz Esteban, director territorial de Ibermutuamur. El [&hellip;]<\/p>","protected":false},"author":1,"featured_media":3263,"comment_status":"open","ping_status":"open","sticky":false,"template":"","format":"standard","meta":[],"categories":[482],"tags":[815,816,817,818,372,819,820,821,270],"_links":{"self":[{"href":"https:\/\/www.decyde.es\/en\/wp-json\/wp\/v2\/posts\/2516"}],"collection":[{"href":"https:\/\/www.decyde.es\/en\/wp-json\/wp\/v2\/posts"}],"about":[{"href":"https:\/\/www.decyde.es\/en\/wp-json\/wp\/v2\/types\/post"}],"author":[{"embeddable":true,"href":"https:\/\/www.decyde.es\/en\/wp-json\/wp\/v2\/users\/1"}],"replies":[{"embeddable":true,"href":"https:\/\/www.decyde.es\/en\/wp-json\/wp\/v2\/comments?post=2516"}],"version-history":[{"count":2,"href":"https:\/\/www.decyde.es\/en\/wp-json\/wp\/v2\/posts\/2516\/revisions"}],"predecessor-version":[{"id":3262,"href":"https:\/\/www.decyde.es\/en\/wp-json\/wp\/v2\/posts\/2516\/revisions\/3262"}],"wp:featuredmedia":[{"embeddable":true,"href":"https:\/\/www.decyde.es\/en\/wp-json\/wp\/v2\/media\/3263"}],"wp:attachment":[{"href":"https:\/\/www.decyde.es\/en\/wp-json\/wp\/v2\/media?parent=2516"}],"wp:term":[{"taxonomy":"category","embeddable":true,"href":"https:\/\/www.decyde.es\/en\/wp-json\/wp\/v2\/categories?post=2516"},{"taxonomy":"post_tag","embeddable":true,"href":"https:\/\/www.decyde.es\/en\/wp-json\/wp\/v2\/tags?post=2516"}],"curies":[{"name":"wp","href":"https:\/\/api.w.org\/{rel}","templated":true}]}}