{"id":2537,"date":"2017-05-29T22:04:27","date_gmt":"2017-05-29T21:04:27","guid":{"rendered":"http:\/\/viaasesores.es\/?p=2537"},"modified":"2018-02-23T10:51:33","modified_gmt":"2018-02-23T10:51:33","slug":"emprender-es-facil-130-aje-networking-y-nuevo-impulso-presidencial","status":"publish","type":"post","link":"https:\/\/www.decyde.es\/en\/emprender-es-facil-130-aje-networking-y-nuevo-impulso-presidencial\/","title":{"rendered":"Emprender es f\u00e1cil #130 &#8211; &#8216;AJE, networking y nuevo impulso presidencial&#8217;"},"content":{"rendered":"<p style=\"text-align: left;\"><a href=\"http:\/\/www.cope.es\/audios\/manana-murcia-regional-local\/emprender-facil_386228\"><img decoding=\"async\" loading=\"lazy\" class=\"size-medium wp-image-2538 alignleft\" src=\"http:\/\/viaasesores.es\/wp-content\/uploads\/2017\/05\/eef130banner-300x300.jpg\" alt=\"\" width=\"300\" height=\"300\" \/><\/a>En esta edici\u00f3n,<a href=\"http:\/\/www.cope.es\/audios\/manana-murcia-regional-local\/emprender-facil_386228\"> que puedes escuchar aqu<\/a>\u00ed, utilizamos el tiempo de nuestra secci\u00f3n de noticias para introducir &#8216;Conexi\u00f3n Emprende&#8217;, un programa gestionado por AJE para menores de 30 a\u00f1os que tambi\u00e9n protagoniza nuestra &#8216;referencia&#8217;.<\/p>\n<p style=\"text-align: left;\">En nuestro apartado de RSC, hablamos de la IX\u00a0Regata Solidaria Carburo de Plata, patrocinada por Audi y con la ciudad de Cartagena como sede.<\/p>\n<p>Retomamos para nuestra entrevista semanal el protagonismo de la Asociaci\u00f3n de J\u00f3venes Empresarios para conocer a su nuevo presidente, Gin\u00e9s \u00c1ngel Garc\u00eda, ingeniero industrial pachequero\u00a0con el que hablamos de la asociaci\u00f3n y sus iniciativas m\u00e1s destacadas. Las &#8216;Fresh Nights&#8217;, como se denominan los after work de AJE, o el mencionado programa &#8216;Conexi\u00f3n Emprende&#8217;, orientado al autoempleo, son algunos de los temas principales a tratar.<\/p>\n<p>&nbsp;<\/p>","protected":false},"excerpt":{"rendered":"<p>En esta edici\u00f3n, que puedes escuchar aqu\u00ed, utilizamos el tiempo de nuestra secci\u00f3n de noticias para introducir &#8216;Conexi\u00f3n Emprende&#8217;, un programa gestionado por AJE para menores de 30 a\u00f1os que tambi\u00e9n protagoniza nuestra &#8216;referencia&#8217;. En nuestro apartado de RSC, hablamos de la IX\u00a0Regata Solidaria Carburo de Plata, patrocinada por Audi y con la ciudad de [&hellip;]<\/p>","protected":false},"author":1,"featured_media":3252,"comment_status":"open","ping_status":"open","sticky":false,"template":"","format":"standard","meta":[],"categories":[501],"tags":[194,709,378,167,834,835,41,148,91,836,502,837],"_links":{"self":[{"href":"https:\/\/www.decyde.es\/en\/wp-json\/wp\/v2\/posts\/2537"}],"collection":[{"href":"https:\/\/www.decyde.es\/en\/wp-json\/wp\/v2\/posts"}],"about":[{"href":"https:\/\/www.decyde.es\/en\/wp-json\/wp\/v2\/types\/post"}],"author":[{"embeddable":true,"href":"https:\/\/www.decyde.es\/en\/wp-json\/wp\/v2\/users\/1"}],"replies":[{"embeddable":true,"href":"https:\/\/www.decyde.es\/en\/wp-json\/wp\/v2\/comments?post=2537"}],"version-history":[{"count":2,"href":"https:\/\/www.decyde.es\/en\/wp-json\/wp\/v2\/posts\/2537\/revisions"}],"predecessor-version":[{"id":3251,"href":"https:\/\/www.decyde.es\/en\/wp-json\/wp\/v2\/posts\/2537\/revisions\/3251"}],"wp:featuredmedia":[{"embeddable":true,"href":"https:\/\/www.decyde.es\/en\/wp-json\/wp\/v2\/media\/3252"}],"wp:attachment":[{"href":"https:\/\/www.decyde.es\/en\/wp-json\/wp\/v2\/media?parent=2537"}],"wp:term":[{"taxonomy":"category","embeddable":true,"href":"https:\/\/www.decyde.es\/en\/wp-json\/wp\/v2\/categories?post=2537"},{"taxonomy":"post_tag","embeddable":true,"href":"https:\/\/www.decyde.es\/en\/wp-json\/wp\/v2\/tags?post=2537"}],"curies":[{"name":"wp","href":"https:\/\/api.w.org\/{rel}","templated":true}]}}