{"id":3206,"date":"2014-02-24T12:37:06","date_gmt":"2014-02-24T11:37:06","guid":{"rendered":"http:\/\/viaasesores.es\/?p=862"},"modified":"2014-02-24T12:37:06","modified_gmt":"2014-02-24T11:37:06","slug":"murcia-en-el-nasdaq-recomendada-en-financial-times-con-europein-en-euenterprise-y-apapel-en-emprenderfacil-empf16","status":"publish","type":"post","link":"https:\/\/www.decyde.es\/en\/murcia-en-el-nasdaq-recomendada-en-financial-times-con-europein-en-euenterprise-y-apapel-en-emprenderfacil-empf16\/","title":{"rendered":"Murcia en el Nasdaq, recomendada en Financial Times, con EuropeIn en EuEnterprise y Apapel, en @EmprenderFacil #EmpF16"},"content":{"rendered":"<p style=\"text-align: justify;\">Semana de alegr\u00eda para Emprender es f\u00e1cil, con la presencia de Murcia en el Nasdaq, la subida de Moody&#8217;s de la calificaci\u00f3n de deuda a Espa\u00f1a, la consideraci\u00f3n de nuestra regi\u00f3n como excelente para invertir seg\u00fan F\u00efnancial Times y las ayudas europeas destinadas al desarrollo de negocios de alta tecnolog\u00eda presentadas por CEEIM.<\/p>\n<p style=\"text-align: justify;\">En el apartado de la Autoentrevista nos presentan <a href=\"http:\/\/www.apapel.es\/\" target=\"_blank\">Apapel<\/a>, cambiando la perspectiva para pasar tus documentos\u00a0de Digital al Papel. Y como Nuestra Referencia de la semana, nos llevamos a la radio del autoempleo a Europa, con una visita virtual a Bruselas junto a Jos\u00e9 Egea y la iniciativa <a href=\"http:\/\/www.europein.eu\/p\/blog-page.html\" target=\"_blank\">EuropeIN<\/a>.<\/p>\n<p><center><iframe loading=\"lazy\" src=\"http:\/\/www.ivoox.com\/player_ej_2862648_1.html\" height=\"120\" width=\"100%\" allowfullscreen=\"\" frameborder=\"0\" scrolling=\"no\"><\/iframe><\/center><\/p>","protected":false},"excerpt":{"rendered":"<p>Semana de alegr\u00eda para Emprender es f\u00e1cil, con la presencia de Murcia en el Nasdaq, la subida de Moody&#8217;s de la calificaci\u00f3n de deuda a Espa\u00f1a, la consideraci\u00f3n de nuestra regi\u00f3n como excelente para invertir seg\u00fan F\u00efnancial Times y las ayudas europeas destinadas al desarrollo de negocios de alta tecnolog\u00eda presentadas por CEEIM. En el [&hellip;]<\/p>","protected":false},"author":1,"featured_media":863,"comment_status":"open","ping_status":"open","sticky":false,"template":"","format":"standard","meta":[],"categories":[36],"tags":[304,167,298,170,171,162,305,306,307,173,308,309,147],"_links":{"self":[{"href":"https:\/\/www.decyde.es\/en\/wp-json\/wp\/v2\/posts\/3206"}],"collection":[{"href":"https:\/\/www.decyde.es\/en\/wp-json\/wp\/v2\/posts"}],"about":[{"href":"https:\/\/www.decyde.es\/en\/wp-json\/wp\/v2\/types\/post"}],"author":[{"embeddable":true,"href":"https:\/\/www.decyde.es\/en\/wp-json\/wp\/v2\/users\/1"}],"replies":[{"embeddable":true,"href":"https:\/\/www.decyde.es\/en\/wp-json\/wp\/v2\/comments?post=3206"}],"version-history":[{"count":0,"href":"https:\/\/www.decyde.es\/en\/wp-json\/wp\/v2\/posts\/3206\/revisions"}],"wp:featuredmedia":[{"embeddable":true,"href":"https:\/\/www.decyde.es\/en\/wp-json\/wp\/v2\/media\/863"}],"wp:attachment":[{"href":"https:\/\/www.decyde.es\/en\/wp-json\/wp\/v2\/media?parent=3206"}],"wp:term":[{"taxonomy":"category","embeddable":true,"href":"https:\/\/www.decyde.es\/en\/wp-json\/wp\/v2\/categories?post=3206"},{"taxonomy":"post_tag","embeddable":true,"href":"https:\/\/www.decyde.es\/en\/wp-json\/wp\/v2\/tags?post=3206"}],"curies":[{"name":"wp","href":"https:\/\/api.w.org\/{rel}","templated":true}]}}