{"id":3208,"date":"2014-03-26T10:12:36","date_gmt":"2014-03-26T09:12:36","guid":{"rendered":"http:\/\/viaasesores.es\/?p=870"},"modified":"2014-03-26T10:12:36","modified_gmt":"2014-03-26T09:12:36","slug":"montoro-no-sube-el-iva-emprender-con-franquicia-y-electronica-a-medida-en-emprenderfacil-empf20","status":"publish","type":"post","link":"https:\/\/www.decyde.es\/en\/montoro-no-sube-el-iva-emprender-con-franquicia-y-electronica-a-medida-en-emprenderfacil-empf20\/","title":{"rendered":"\u00abMontoro no sube el IVA, emprender con franquicia y electr\u00f3nica a medida\u00bb, en @EmprenderFacil #EmpF20"},"content":{"rendered":"<p style=\"text-align: justify;\">Hace unos d\u00edas conocimos la\u00a0propuesta de reforma fiscal de un comit\u00e9 de &#8216;sabios&#8217;, con Manuel Lagares como cabeza visible. Este grupo de profesionales econ\u00f3micos y tributarios de reconocido prestigio en el \u00e1mbito acad\u00e9mico, seg\u00fan la Moncloa,\u00a0propon\u00eda, entre otras cosas, una subida de IVA a productos esenciales como galletas, cereales, sal, yogures, embutidos o zumos. Una aut\u00e9ntica locura, que el ministro Montoro desminti\u00f3 en declaraciones recientes:\u00a0\u00ab<a href=\"http:\/\/www.europapress.es\/economia\/noticia-montoro-dice-no-subira-iva-20140321193546.html\" target=\"_blank\">Ning\u00fan producto subir\u00e1 su tributaci\u00f3n indirecta, ya lo he dicho muy claro. Ya hemos subido el IVA, ya hemos hecho un esfuerzo como sociedad<\/a>\u00ab. Esta es la Noticia Positiva de la semana.<\/p>\n<p style=\"text-align: justify;\">En esta entrega, la #Autoentrevista llega de la mano de <a href=\"http:\/\/www.speen2.com\/\" target=\"_blank\">Speen2<\/a>, una empresa de base tecnol\u00f3gica que se dedica al desarrollo de productos electr\u00f3nicos a medida, alojada en CEEIM Murcia.<\/p>\n<p style=\"text-align: justify;\">Como #NuestraReferencia, ofreciendo claves para emprender, recibimos a Fran Mar\u00edn, que nos habla de <a href=\"http:\/\/www.donfranquicia.com\/\" target=\"_blank\">Don Franquicia<\/a> y c\u00f3mo se puede emprender con la marca ya creada a trav\u00e9s de una franquicia o bien como puedes convertir tu negocio en franquiciable.<\/p>\n<p style=\"text-align: justify;\"><strong>Consejo emprendedor:<\/strong><br \/>\nUno no vende lo que quiere, sino lo que la gente desea comprar. Hay que escuchar a los clientes potenciales para saber qu\u00e9 demandan.<\/p>\n<p><center><iframe loading=\"lazy\" src=\"http:\/\/www.ivoox.com\/player_ej_2953555_1.html\" height=\"120\" width=\"100%\" allowfullscreen=\"\" frameborder=\"0\" scrolling=\"no\"><\/iframe><\/center><\/p>","protected":false},"excerpt":{"rendered":"<p>Hace unos d\u00edas conocimos la\u00a0propuesta de reforma fiscal de un comit\u00e9 de &#8216;sabios&#8217;, con Manuel Lagares como cabeza visible. Este grupo de profesionales econ\u00f3micos y tributarios de reconocido prestigio en el \u00e1mbito acad\u00e9mico, seg\u00fan la Moncloa,\u00a0propon\u00eda, entre otras cosas, una subida de IVA a productos esenciales como galletas, cereales, sal, yogures, embutidos o zumos. Una [&hellip;]<\/p>","protected":false},"author":1,"featured_media":871,"comment_status":"open","ping_status":"open","sticky":false,"template":"","format":"standard","meta":[],"categories":[36],"tags":[167,298,316,171,317,148,162,318,65,173,319,254,147,320],"_links":{"self":[{"href":"https:\/\/www.decyde.es\/en\/wp-json\/wp\/v2\/posts\/3208"}],"collection":[{"href":"https:\/\/www.decyde.es\/en\/wp-json\/wp\/v2\/posts"}],"about":[{"href":"https:\/\/www.decyde.es\/en\/wp-json\/wp\/v2\/types\/post"}],"author":[{"embeddable":true,"href":"https:\/\/www.decyde.es\/en\/wp-json\/wp\/v2\/users\/1"}],"replies":[{"embeddable":true,"href":"https:\/\/www.decyde.es\/en\/wp-json\/wp\/v2\/comments?post=3208"}],"version-history":[{"count":0,"href":"https:\/\/www.decyde.es\/en\/wp-json\/wp\/v2\/posts\/3208\/revisions"}],"wp:featuredmedia":[{"embeddable":true,"href":"https:\/\/www.decyde.es\/en\/wp-json\/wp\/v2\/media\/871"}],"wp:attachment":[{"href":"https:\/\/www.decyde.es\/en\/wp-json\/wp\/v2\/media?parent=3208"}],"wp:term":[{"taxonomy":"category","embeddable":true,"href":"https:\/\/www.decyde.es\/en\/wp-json\/wp\/v2\/categories?post=3208"},{"taxonomy":"post_tag","embeddable":true,"href":"https:\/\/www.decyde.es\/en\/wp-json\/wp\/v2\/tags?post=3208"}],"curies":[{"name":"wp","href":"https:\/\/api.w.org\/{rel}","templated":true}]}}