{"id":329,"date":"2013-02-25T01:15:00","date_gmt":"2013-02-25T00:15:00","guid":{"rendered":"http:\/\/viaasesores.es\/2013\/02\/25\/emprender-a-50-e-solucion-o-nuevo-pinchazo\/"},"modified":"2013-02-25T01:15:00","modified_gmt":"2013-02-25T00:15:00","slug":"emprender-a-50-e-solucion-o-nuevo-pinchazo","status":"publish","type":"post","link":"https:\/\/www.decyde.es\/en\/emprender-a-50-e-solucion-o-nuevo-pinchazo\/","title":{"rendered":"Emprender a 50 \u20ac, \u00bfsoluci\u00f3n o nuevo pinchazo? por @EmprenderFacil"},"content":{"rendered":"<p><b>Art\u00edculo publicado en La Verdad de Murcia el domingo 10 de Marzo de 2013<\/b><\/p>\n<div>Estas pasadas semanas se aprob\u00f3 un nuevo paquete de unas 50 medidas de apoyo a emprendedores contenidas en \u00e9l <a href=\"http:\/\/boe.es\/boe\/dias\/2013\/02\/23\/pdfs\/BOE-A-2013-2030.pdf\">Real Decreto Ley 4\/2013<\/a>, ya en vigor, si bien varias de las medidas tienen car\u00e1cter retroactivo. No es la tan anunciada ley de emprendedores que qued\u00f3 en promesa, pero va en la direcci\u00f3n de servir de ayuda, ahora bien, est\u00e1 por ver si ser\u00e1 realmente la soluci\u00f3n que necesitamos o significar\u00e1 un nuevo pinchazo en el objetivo de facilitar que en Espa\u00f1a se creen nuevas empresas.<\/div>\n<div><\/div>\n<div>Entre tanta novedad hay bueno, malo y regular, como asesor de emprendedores l\u00f3gicamente me gusta contar con herramientas para poder ayudar a mis clientes a iniciarse en el mundo empresarial y creo que las medidas se quedan un tanto cortas, puesto que no despejan del todo el camino normalmente lleno de obst\u00e1culos para quien quiere ser empresario, en especial las medidas para fomentar contrataci\u00f3n por cuenta ajena me dejan fr\u00edo y ni tan siquiera las voy a comentar.<\/div>\n<div><\/div>\n<div>Los menores de 30 si tienen nuevos incentivos, aunque dudo mucho quieran o puedan emprender masivamente y para el resto no hay nada, siendo precisamente los m\u00e1s necesitados quienes han sido expulsados del mercado laboral por culpa de la situaci\u00f3n econ\u00f3mica, son j\u00f3venes a\u00fan y tienen muy dif\u00edcil recolocarse, aqu\u00ed creo que el Gobierno vuelve a pinchar de forma clara.<\/div>\n<div><\/div>\n<div><\/div>\n<div>\n<div><a href=\"http:\/\/1.bp.blogspot.com\/-FJeA9eiMokA\/UT208VhlVzI\/AAAAAAAAIWE\/eq8X7zSsPjU\/s1600\/882096_10200655375097659_2093901433_o.jpg\"><img decoding=\"async\" loading=\"lazy\" class=\"alignright\" style=\"border: 0px;\" alt=\"\" src=\"http:\/\/1.bp.blogspot.com\/-FJeA9eiMokA\/UT208VhlVzI\/AAAAAAAAIWE\/eq8X7zSsPjU\/s640\/882096_10200655375097659_2093901433_o.jpg\" width=\"480\" height=\"640\" border=\"0\" \/><\/a><\/div>\n<p>Si entramos en la relaci\u00f3n de medidas, sin hacer una relaci\u00f3n exhaustiva, que para eso est\u00e1 el BOE, la m\u00e1s publicitada ha sido la del emprendedor a 50 \u20ac, reducci\u00f3n de un 80% s\u00f3lo durante 6 meses de cotizaci\u00f3n al RETA, lo cual es poco, pero menos da una piedra y la cosa cambia a mejor si tenemos en cuenta que hay otra reducci\u00f3n del 50% durante 6 meses, de un 30% durante otros 3 y una bonificaci\u00f3n durante 15 m\u00e1s del 30% con lo cual estar\u00edamos ante una medida de aplicaci\u00f3n de reducciones y bonificaciones en cotizaci\u00f3n durante 30 meses.<\/p>\n<\/div>\n<div><\/div>\n<div>Ojo, si tienes trabajadores contratados podr\u00edas aplicar la bonificaci\u00f3n alternativa, no la anterior, 30% de reducci\u00f3n 15 meses y 30% bonificaci\u00f3n otros 15 , l\u00e1stima que no hayan sido m\u00e1s atrevidos, haciendo que las reducciones sean aun mayores y generalizadas, sobre todo abriendo la medida a todos los nuevos emprendedores, sin l\u00edmite de edad.<\/div>\n<div><\/div>\n<div>En cuanto a las medidas relacionadas con la percepci\u00f3n de desempleo, estas entiendo sin son medidas de mucha importancia, nuevamente con el problema del l\u00edmite de 30 a\u00f1os en todas ellas, pero medidas acertadas en cualquier caso, a veces el emprendedor no necesita tanto invertir, sino tener liquidez para poder vivir mientras construye su negocio, consigue clientes y cobra sus primeras facturas.<\/div>\n<div><\/div>\n<div>Por fin aparece la figura de la percepci\u00f3n de prestaci\u00f3n de desempleo simultanea a desarrollar una actividad econ\u00f3mica con alta en RETA, con un m\u00e1ximo de 9 meses, tambi\u00e9n se puede capitalizar desempleo para costear determinados gastos corrientes, como los de constituci\u00f3n de la empresa, asesoramiento, formaci\u00f3n, etc., algo muy demandado. Otra medida importante, cabe la posibilidad de dejar la prestaci\u00f3n de desempleo en suspenso mientras se realiza una actividad econ\u00f3mica por cuenta propia, con la posibilidad de reanudarla si no nos va bien y causamos baja en RETA, antes hab\u00eda un plazo m\u00e1ximo de 2 a\u00f1os, ahora pueden ser hasta 5.<\/div>\n<div><\/div>\n<div>Por otra parte, se ampl\u00edan los casos en que se puede capitalizar la prestaci\u00f3n de desempleo, permitiendo hacerlo para hacer una aportaci\u00f3n al capital social de una sociedad mercantil en la que vayas a trabajar sin que sea requisito la nueva creaci\u00f3n, esta sociedad puede haber sido constituida hasta doce meses antes de la aportaci\u00f3n y la capitalizaci\u00f3n pasa a estar exenta de tributaci\u00f3n por completo, hasta ahora s\u00f3lo lo estaban los primeros 15.500 euros, lo cual pod\u00eda resultar bastante costoso.<\/div>\n<div><\/div>\n<div><a href=\"http:\/\/1.bp.blogspot.com\/-3GopHWebou8\/USqs-9r-m-I\/AAAAAAAAIVg\/1_Gq-xChF_0\/s1600\/companiesdublin-300x150.png\"><img decoding=\"async\" class=\"alignright\" alt=\"\" src=\"http:\/\/1.bp.blogspot.com\/-3GopHWebou8\/USqs-9r-m-I\/AAAAAAAAIVg\/1_Gq-xChF_0\/s1600\/companiesdublin-300x150.png\" border=\"0\" \/><\/a><\/div>\n<div>Finalmente, comentar\u00e9 unas medidas sin duda acertadas que supondr\u00e1n un buen ahorro tributario cuando se generen beneficios, las sociedades de nueva creaci\u00f3n tributar\u00e1n al 15% en los dos primeros ejercicios con resultados positivos hasta 300.000 \u20ac y un 20% por el resto; en cuanto a los aut\u00f3nomos, tendr\u00e1n derecho a un reducci\u00f3n del 20% en los rendimientos netos en los dos primeros ejercicios en que obtengan resultados positivos.<\/div>\n<div><\/div>\n<div>Ahora s\u00f3lo cabe esperar, \u00e1nimo y a emprender.<\/div>","protected":false},"excerpt":{"rendered":"<p>Art\u00edculo publicado en La Verdad de Murcia el domingo 10 de Marzo de 2013 Estas pasadas semanas se aprob\u00f3 un nuevo paquete de unas 50 medidas de apoyo a emprendedores contenidas en \u00e9l Real Decreto Ley 4\/2013, ya en vigor, si bien varias de las medidas tienen car\u00e1cter retroactivo. No es la tan anunciada ley [&hellip;]<\/p>","protected":false},"author":1,"featured_media":473,"comment_status":"open","ping_status":"open","sticky":false,"template":"","format":"standard","meta":[],"categories":[36,37],"tags":[53,54,55,56,57,58,59,60,61],"_links":{"self":[{"href":"https:\/\/www.decyde.es\/en\/wp-json\/wp\/v2\/posts\/329"}],"collection":[{"href":"https:\/\/www.decyde.es\/en\/wp-json\/wp\/v2\/posts"}],"about":[{"href":"https:\/\/www.decyde.es\/en\/wp-json\/wp\/v2\/types\/post"}],"author":[{"embeddable":true,"href":"https:\/\/www.decyde.es\/en\/wp-json\/wp\/v2\/users\/1"}],"replies":[{"embeddable":true,"href":"https:\/\/www.decyde.es\/en\/wp-json\/wp\/v2\/comments?post=329"}],"version-history":[{"count":0,"href":"https:\/\/www.decyde.es\/en\/wp-json\/wp\/v2\/posts\/329\/revisions"}],"wp:featuredmedia":[{"embeddable":true,"href":"https:\/\/www.decyde.es\/en\/wp-json\/"}],"wp:attachment":[{"href":"https:\/\/www.decyde.es\/en\/wp-json\/wp\/v2\/media?parent=329"}],"wp:term":[{"taxonomy":"category","embeddable":true,"href":"https:\/\/www.decyde.es\/en\/wp-json\/wp\/v2\/categories?post=329"},{"taxonomy":"post_tag","embeddable":true,"href":"https:\/\/www.decyde.es\/en\/wp-json\/wp\/v2\/tags?post=329"}],"curies":[{"name":"wp","href":"https:\/\/api.w.org\/{rel}","templated":true}]}}