{"id":331,"date":"2013-02-20T13:01:00","date_gmt":"2013-02-20T12:01:00","guid":{"rendered":"http:\/\/viaasesores.es\/2013\/02\/20\/facturar-sin-alta-como-autonomo-para-nuevos-freelance\/"},"modified":"2013-02-20T13:01:00","modified_gmt":"2013-02-20T12:01:00","slug":"facturar-sin-alta-como-autonomo-para-nuevos-freelance","status":"publish","type":"post","link":"https:\/\/www.decyde.es\/en\/facturar-sin-alta-como-autonomo-para-nuevos-freelance\/","title":{"rendered":"Facturar sin alta como Aut\u00f3nomo para nuevos freelance, por @EmprenderFacil"},"content":{"rendered":"<div>\n<div>La pregunta es siempre la misma <b>\u00bfComo voy a facturar sin darme de alta como aut\u00f3nomo?<\/b> Sin embargo, la respuesta tiene que ser diferente en funci\u00f3n de la situaci\u00f3n, <b>hay ocasiones en que no queda otra que darse de alta en RETA<\/b> (R\u00e9gimen Especial de Trabajadores Aut\u00f3nomos) bien porque realmente es obligatorio, bien porque quien contrata lo exige, incluso a veces en fraude de ley, dado que hay aut\u00f3nomos que realmente son trabajadores por cuenta ajena.<\/div>\n<\/div>\n<div><em>\u00a0<\/em><\/div>\n<div><\/div>\n<div>Pero en realidad, <b>para poder emitir facturas en colaboraciones profesionales puntuales o peri\u00f3dicas, pero que generan una escasa remuneraci\u00f3n, no es indispensable el alta en RETA<\/b> y no se estar\u00eda incumpliendo la normativa de seguridad social, siendo necesario, eso si, declarar los ingresos (y el IVA si fuera procedente) ante la AEAT, puesto que no hacerlo supondr\u00eda una infracci\u00f3n tributaria por ocultar rentas al fisco.<\/div>\n<div><\/div>\n<div><em>\u00a0<\/em><\/div>\n<div>Para ti, que acabas de comenzar tu andadura como freelance, seas blogger, dise\u00f1ador gr\u00e1fico, programador, fot\u00f3grafo, periodista o similar, <b>puede ser algo preocupante y a lo que no le ves salida, pero es una situaci\u00f3n muy com\u00fan<\/b>, como asesor fiscal y Graduado Social me la encuentro a diario y en V\u00eda Asesores es normal tratar estos casos y tanto el tema del aut\u00f3nomo, como del IVA lo he tratado en otros post, pero voy a intentar aunar una explicaci\u00f3n que ofrezca una visi\u00f3n completa.<\/div>\n<div><em>\u00a0<\/em><\/div>\n<div>Por tanto <b>\u00bftengo que darme de alta?<\/b>, en la <b>AEAT\u00a0<\/b>al menos <b>debes declarar ingresos<\/b>, el <b>IVA s\u00f3lo si corresponde<\/b>, a continuaci\u00f3n doy cumplida explicaci\u00f3n de este tema y en la TGSS probablemente no, salvo que los ingresos obtenidos realmente generen unos ingresos que se pueden considerar como medio de vida, aunque no sean los \u00fanicos ingresos que tengamos.<\/div>\n<div><em>\u00a0<\/em><\/div>\n<p>Aunque no hay norma o resoluci\u00f3n que lo regule expresamente, es ampliamente aceptado que no hay obligaci\u00f3n de tramitar nuestro alta en R\u00e9gimen Especial de Trabajadores Aut\u00f3nomos hasta que la actividad supone nuestro medio de vida, lo cual normalmente se delimita por el IPREM (indicador p\u00fablico de renta de efectos m\u00faltiples), antes se tomaba el Salario M\u00ednimo Interprofesional, el cual se establece para 2013 en la cuant\u00eda anual de 7.455,14 euros. En caso de inspecci\u00f3n de trabajo puede suceder que se exija regularizaci\u00f3n, pero contra esta situaci\u00f3n corresponde recurrir y argumentar todo lo expuesto, hay numerosas sentencias que reconocen la especial circunstancia de estos freelance.<\/p>\n<p>&nbsp;<\/p>\n<div><a href=\"http:\/\/2.bp.blogspot.com\/-93LVuxN4E9E\/USdpDPxgPeI\/AAAAAAAAIUU\/HPhbgF5yvZw\/s1600\/phoca_thumb_l_22_programador_adicto_a_internet.jpg\"><img decoding=\"async\" loading=\"lazy\" class=\"alignright\" src=\"http:\/\/2.bp.blogspot.com\/-93LVuxN4E9E\/USdpDPxgPeI\/AAAAAAAAIUU\/HPhbgF5yvZw\/s320\/phoca_thumb_l_22_programador_adicto_a_internet.jpg\" alt=\"\" width=\"320\" height=\"231\" border=\"0\" \/><\/a><\/div>\n<div><b><\/p>\n<div><em>\u00a0<\/em><\/div>\n<p>Que ocurre con el IVA?\u00a0<\/b>En el caso de ingresar una cantidad, por ejemplo por actuar como Community Manager para una empresa que nos paga 250 euros\/mes, si habr\u00eda que repercutir IVA, el contratante nos paga este impuesto y luego se lo deduce.He le\u00eddo alg\u00fan post que <b>incorrectamente habla de forma gen\u00e9rica de la NO obligaci\u00f3n de tributar por IVA<\/b> cuando haces determinadas colaboraciones, todo ello invocando erroneamente al art\u00edculo 26 de la Ley 39\/02, lo cual puede ocasionarte problemas si hay alg\u00fan cruce de datos, puesto que precisamente existen varias resoluciones vinculantes de la direcci\u00f3n general de tributos que resuelven estas cuestiones de forma expresa.<\/div>\n<div><\/div>\n<div>En esta resoluci\u00f3n V0025-10 de 18 de enero de 2010, se habla de los art\u00edculos 4.uno y 20.uno26\u00ba de la Ley 39\/02, la llamada LIVA, donde se regula el Impuesto sobre el Valor A\u00f1adido, un impuesto que finalmente deben soportar consumidores finales y que obliga a empresarios y profesionales a repercutir este impuesto en sus ventas de productos o prestaci\u00f3n de servicios.<\/div>\n<div><\/div>\n<div>La resoluci\u00f3n viene a decir que <b>estar\u00e1 exento de repercutir IVA aquel periodista que realice una prestaci\u00f3n de servicios consistente en redactar textos para su publicaci\u00f3n en diarios y revistas<\/b>. Sin embargo, estar\u00e1 obligado a repercutir IVA si la colaboraci\u00f3n se realiza para radio o televisi\u00f3n (y por ende para un medio digital) incluso si la colaboraci\u00f3n consiste en redactar textos o como se preguntaba en la consulta, si la colaboraci\u00f3n consiste en servicios como jefe de prensa para un club deportivo.<\/div>\n<div><\/div>\n<div><a href=\"http:\/\/4.bp.blogspot.com\/-ea_azRYNa08\/USdyVEVya0I\/AAAAAAAAIUk\/6pIm0mETdBo\/s1600\/iva+II.jpg\"><img decoding=\"async\" class=\"alignleft\" src=\"http:\/\/4.bp.blogspot.com\/-ea_azRYNa08\/USdyVEVya0I\/AAAAAAAAIUk\/6pIm0mETdBo\/s1600\/iva+II.jpg\" alt=\"\" border=\"0\" \/><\/a><\/div>\n<div>Ahora bien, en otras consultas tambi\u00e9n se hace una importante matizaci\u00f3n: \u00a0<i>Est\u00e1n sujetas pero exentas las prestaciones de servicios efectuadas por periodistas (personas f\u00edsicas) consistentes en la redacci\u00f3n de textos para su publicaci\u00f3n en peri\u00f3dicos o revistas,<b> cualquiera que sea el formato, digital o papel<\/b>, en que se edite la publicaci\u00f3n<\/i>.\u00a0Por tanto, <b>un blogger estar\u00eda exento de IVA en caso de efectuar una colaboraci\u00f3n para terceros.<\/b><\/div>\n<div><b>\u00a0<\/b><\/div>\n<div>Y hay otra casu\u00edstica, ser\u00eda la de aquel con un <b>blog de su propiedad, en ese caso estar\u00eda vendiendo publicidad o explotaci\u00f3n electr\u00f3nica por cuenta de terceros<\/b>, lo cual sin duda es una actividad sujeta a IVA, ya que es otra cuesti\u00f3n bien distinta.<\/div>\n<div><\/div>\n<div>El\u00a0<strong><a href=\"http:\/\/viacomunica.blogspot.com.es\/2012\/04\/ser-o-no-ser-reta-esa-es-la-cuestion.html\" name=\"a4\">Art\u00edculo 4<\/a><\/strong>\u00a0habla del\u00a0<strong>Hecho imponible<\/strong>, la situaci\u00f3n que determina la obligaci\u00f3n de cobrar y de pagar IVA:<em>\u00a0\u201c1.\u00a0<strong>Estar\u00e1n sujetas al impuesto las entregas de bienes y prestaciones de servicios\u00a0<\/strong>realizadas en el \u00e1mbito espacial del impuesto por empresarios o profesionales a t\u00edtulo oneroso,\u00a0<strong>con car\u00e1cter habitual u ocasional,\u00a0<\/strong>en el desarrollo de su actividad empresarial o profesional, incluso si se efect\u00faan en favor de los propios socios, asociados, miembros o part\u00edcipes de las entidades que las realicen.\u201d<\/em><\/div>\n<div><em>\u00a0<\/em><\/div>\n<div>Adem\u00e1s, en el\u00a0<strong><a href=\"http:\/\/viacomunica.blogspot.com.es\/2012\/04\/ser-o-no-ser-reta-esa-es-la-cuestion.html\" name=\"a5\">Art\u00edculo 5.<\/a><\/strong>\u00a0se define el\u00a0<strong>Concepto de empresario o profesional.<\/strong><em>\u00a0\u201cse reputar\u00e1n empresarios o profesionales:<\/em><\/div>\n<div><em>\u00a0<\/em><\/div>\n<div><a href=\"http:\/\/2.bp.blogspot.com\/-zMsddjU7c8c\/USeo_isB3SI\/AAAAAAAAIVE\/dGwTnRVbrcg\/s1600\/026D6JE-OPJ-P1_1.jpg\"><img decoding=\"async\" loading=\"lazy\" class=\"alignright\" src=\"http:\/\/2.bp.blogspot.com\/-zMsddjU7c8c\/USeo_isB3SI\/AAAAAAAAIVE\/dGwTnRVbrcg\/s200\/026D6JE-OPJ-P1_1.jpg\" alt=\"\" width=\"200\" height=\"182\" border=\"0\" \/><\/a><\/div>\n<ol type=\"a\">\n<ol type=\"a\">\n<li><em>Las personas o entidades que realicen las actividades empresariales o profesionales definidas en el apartado siguiente de este art\u00edculo.<\/em><\/li>\n<\/ol>\n<\/ol>\n<div><em>No obstante, no tendr\u00e1n la consideraci\u00f3n de empresarios o profesionales quienes realicen exclusivamente entregas de bienes o prestaciones de servicios a t\u00edtulo gratuito, sin perjuicio de lo establecido en la letra siguiente.<\/em><\/div>\n<p>&nbsp;<\/p>\n<p>&nbsp;<\/p>\n<ul>\n<li><em>Las sociedades mercantiles, salvo prueba en contrario.<\/em><\/li>\n<li><strong><em>Quienes realicen una o varias entregas de bienes o prestaciones de servicios que supongan la explotaci\u00f3n de un bien corporal o incorporal con el fin de obtener ingresos continuados en el tiempo.<\/em><\/strong><\/li>\n<\/ul>\n<p>&nbsp;<\/p>\n<div><em>En particular, tendr\u00e1n dicha consideraci\u00f3n los arrendadores de bienes.\u201d<\/em><\/div>\n<div>\n<div><\/div>\n<p><strong>Y adem\u00e1s, muy importante \u00ab<\/strong><em>Son actividades empresariales o profesionales las que impliquen la ordenaci\u00f3n por cuenta propia de factores de producci\u00f3n materiales y humanos o de uno de ellos, con la finalidad de intervenir en la producci\u00f3n o distribuci\u00f3n de bienes o servicios.\u201d<\/em><\/p>\n<\/div>\n<div><\/div>\n<div><\/div>\n<div><b>En res\u00famen: <\/b>Por todo lo anterior, entiendo que <b>no es acertado decir que no hay que cobrar IVA<\/b>, es cierto que <b>hay actividades exentas<\/b>, como actuar en una conferencia, como ponente, derechos de autor, periodista que colabora en medio escrito (papel o digital), etc., pero <b>hay otras actividades que no se pueden considerar exentas<\/b>, m\u00e1xime si se factura con cierta periodicidad.\u00a0<a href=\"http:\/\/viacomunica.blogspot.com.es\/2012\/04\/ser-o-no-ser-reta-esa-es-la-cuestion.html\" name=\"a5\">Otra cosa ser\u00eda que actu\u00e1ramos como intermediarios en una operaci\u00f3n en la cual se nos genera una comisi\u00f3n, esa actuaci\u00f3n no constituye nuestro negocio, ha sido algo espor\u00e1dico y ser\u00eda defendible y demostrable que no hab\u00eda que repercutir IVA.<\/a><\/div>","protected":false},"excerpt":{"rendered":"<p>La pregunta es siempre la misma \u00bfComo voy a facturar sin darme de alta como aut\u00f3nomo? Sin embargo, la respuesta tiene que ser diferente en funci\u00f3n de la situaci\u00f3n, hay ocasiones en que no queda otra que darse de alta en RETA (R\u00e9gimen Especial de Trabajadores Aut\u00f3nomos) bien porque realmente es obligatorio, bien porque quien [&hellip;]<\/p>","protected":false},"author":1,"featured_media":479,"comment_status":"open","ping_status":"open","sticky":false,"template":"","format":"standard","meta":[],"categories":[38],"tags":[53,54,62,63,64,58,65,66],"_links":{"self":[{"href":"https:\/\/www.decyde.es\/en\/wp-json\/wp\/v2\/posts\/331"}],"collection":[{"href":"https:\/\/www.decyde.es\/en\/wp-json\/wp\/v2\/posts"}],"about":[{"href":"https:\/\/www.decyde.es\/en\/wp-json\/wp\/v2\/types\/post"}],"author":[{"embeddable":true,"href":"https:\/\/www.decyde.es\/en\/wp-json\/wp\/v2\/users\/1"}],"replies":[{"embeddable":true,"href":"https:\/\/www.decyde.es\/en\/wp-json\/wp\/v2\/comments?post=331"}],"version-history":[{"count":0,"href":"https:\/\/www.decyde.es\/en\/wp-json\/wp\/v2\/posts\/331\/revisions"}],"wp:featuredmedia":[{"embeddable":true,"href":"https:\/\/www.decyde.es\/en\/wp-json\/"}],"wp:attachment":[{"href":"https:\/\/www.decyde.es\/en\/wp-json\/wp\/v2\/media?parent=331"}],"wp:term":[{"taxonomy":"category","embeddable":true,"href":"https:\/\/www.decyde.es\/en\/wp-json\/wp\/v2\/categories?post=331"},{"taxonomy":"post_tag","embeddable":true,"href":"https:\/\/www.decyde.es\/en\/wp-json\/wp\/v2\/tags?post=331"}],"curies":[{"name":"wp","href":"https:\/\/api.w.org\/{rel}","templated":true}]}}