{"id":38,"date":"2012-02-09T18:19:00","date_gmt":"2012-02-09T18:19:00","guid":{"rendered":"http:\/\/viaasesores.es\/?p=38"},"modified":"2012-02-09T18:19:00","modified_gmt":"2012-02-09T18:19:00","slug":"cobro-del-100-del-desempleo-como-pago-unico","status":"publish","type":"post","link":"https:\/\/www.decyde.es\/en\/cobro-del-100-del-desempleo-como-pago-unico\/","title":{"rendered":"Cobro del 100% del desempleo como pago \u00fanico"},"content":{"rendered":"<p>Parece que una de las medidas que tomar\u00e1 el gobierno, para fomentar el autoempleo en los j\u00f3venes, ser\u00e1 la de permitir la capitalizaci\u00f3n del 100% del desempleo en formato de pago \u00fanico para aquellos nuevos empresarios de menos de 30 a\u00f1os que se decidan a montar su propio negocio.<\/p>\n<p>Es una buena noticia, pero a nuestro entender F\u00e1tima Ba\u00f1ez, Ministra de Trabajo, deber\u00eda ser m\u00e1s valiente y flexibilizar otras cuestiones, dado que ya se pod\u00eda capitalizar el 100% del desempleo en determinados casos y en formato de pago \u00fanico, al contrario de lo que informa el blog pymes y aut\u00f3nomos.<\/p>\n<p>Ya hab\u00eda dos supuestos en los cuales se obten\u00eda el 100% de forma directa y como pago \u00fanico, cuando un minusv\u00e1lido se daba de alta como aut\u00f3nomo saliendo de las listas del paro y cuando un desempleado se incorporaba o constitu\u00eda una sociedad laboral o cooperativa y el capital social que necesitaba aportar era al menos de la cuant\u00eda equivalente a ese 100% de prestaci\u00f3n de desempleo que le restara por percibir.<\/p>\n<p>Por otra parte, en el resto de los casos tambi\u00e9n se percib\u00eda el pago \u00fanico de desempleo, si bien se cobraba de una vez un 60% o incluso 80%, en funci\u00f3n de la inversi\u00f3n y el resto en forma de subvenci\u00f3n mensual equivalente a las cuotas de seguridad social a abonar.<\/p>\n<p>Consideramos que ser\u00eda mucho m\u00e1s efectivo eliminar la limitaci\u00f3n de vincular el pago \u00fanico a una obligatoria\u00a0 inversi\u00f3n, dado que muchos desempleados no necesitan tal inversi\u00f3n y s\u00f3lo tienen como barrera para iniciar su actividad los gastos corrientes que les supondr\u00eda arrancar y estar pagando estos gastos en tanto en cuenta se van creando el negocio de la empresa y van entrando recursos derivados de los ingresos que genere el nuevo aut\u00f3nomo, lo cual da a lugar a situaciones en las cuales este proceso de establecimiento transcurre en la absoluta clandestinidad y de forma fraudulenta al estar percibiendo una prestaci\u00f3n de desempleo mensual que es la que permita &#8216;comer&#8217; al emprendedor que est\u00e1 tratando de arrancar.<\/p>\n<p>Creemos que esta propuesta ser\u00eda interesante fuera considerada y si tienes algo que aportar algo al respecto, no lo dudes, abramos el debate.<\/p>","protected":false},"excerpt":{"rendered":"<p>Parece que una de las medidas que tomar\u00e1 el gobierno, para fomentar el autoempleo en los j\u00f3venes, ser\u00e1 la de permitir la capitalizaci\u00f3n del 100% del desempleo en formato de pago \u00fanico para aquellos nuevos empresarios de menos de 30 a\u00f1os que se decidan a montar su propio negocio. Es una buena noticia, pero a [&hellip;]<\/p>","protected":false},"author":1,"featured_media":0,"comment_status":"open","ping_status":"open","sticky":false,"template":"","format":"standard","meta":[],"categories":[16],"tags":[],"_links":{"self":[{"href":"https:\/\/www.decyde.es\/en\/wp-json\/wp\/v2\/posts\/38"}],"collection":[{"href":"https:\/\/www.decyde.es\/en\/wp-json\/wp\/v2\/posts"}],"about":[{"href":"https:\/\/www.decyde.es\/en\/wp-json\/wp\/v2\/types\/post"}],"author":[{"embeddable":true,"href":"https:\/\/www.decyde.es\/en\/wp-json\/wp\/v2\/users\/1"}],"replies":[{"embeddable":true,"href":"https:\/\/www.decyde.es\/en\/wp-json\/wp\/v2\/comments?post=38"}],"version-history":[{"count":0,"href":"https:\/\/www.decyde.es\/en\/wp-json\/wp\/v2\/posts\/38\/revisions"}],"wp:attachment":[{"href":"https:\/\/www.decyde.es\/en\/wp-json\/wp\/v2\/media?parent=38"}],"wp:term":[{"taxonomy":"category","embeddable":true,"href":"https:\/\/www.decyde.es\/en\/wp-json\/wp\/v2\/categories?post=38"},{"taxonomy":"post_tag","embeddable":true,"href":"https:\/\/www.decyde.es\/en\/wp-json\/wp\/v2\/tags?post=38"}],"curies":[{"name":"wp","href":"https:\/\/api.w.org\/{rel}","templated":true}]}}