{"id":385,"date":"2010-06-24T11:48:00","date_gmt":"2010-06-24T10:48:00","guid":{"rendered":"http:\/\/viaasesores.es\/2010\/06\/24\/oferta-servicios-asesoria-fiscal-laboral-para-emprendedores-y-nuevos-clientes-de-redes-sociales-2\/"},"modified":"2010-06-24T11:48:00","modified_gmt":"2010-06-24T10:48:00","slug":"oferta-servicios-asesoria-fiscal-laboral-para-emprendedores-y-nuevos-clientes-de-redes-sociales-2","status":"publish","type":"post","link":"https:\/\/www.decyde.es\/en\/oferta-servicios-asesoria-fiscal-laboral-para-emprendedores-y-nuevos-clientes-de-redes-sociales-2\/","title":{"rendered":"Oferta Servicios Asesor\u00eda Fiscal Laboral para Emprendedores y Nuevos Clientes de Redes Sociales"},"content":{"rendered":"<div><b>Condiciones Especiales en servicios de Asesor\u00eda\/Consultor\u00eda con iguala  mensual:<\/b><\/div>\n<p>\u00a0 <\/p>\n<div>&#8211; Alta de actividad gratuita para aut\u00f3nomos<\/div>\n<div>&#8211; Honorarios de asesor\u00eda gratuitos para constituci\u00f3n y alta en actividades  de sociedades (v\u00eda PAIT)<\/div>\n<div>&#8211; Bonificaci\u00f3n de 2 meses de servicios de asesor\u00eda fiscal para nuevos  clientes que contraten un per\u00edodo de permanencia de al menos 12 meses<\/div>\n<div>&#8211; Tarifa Plana Low Cost para paquete de servicios fiscal+laboral<\/div>\n<div>&#8211; Servicio de Asesor\u00eda Jur\u00eddico-Laboral (consultas) incluida en tarifa de  honorarios mensual<\/div>\n<div>&#8211; Declaraci\u00f3n de IRPF anual gratuita para aut\u00f3nomos o administradores de  sociedades, incluida en tarifa<\/div>\n<div>&#8211; Declaraci\u00f3n de Impuesto de Sociedades anual gratuita, incluida en  tarifa<\/div>\n<div>&#8211; Confecci\u00f3n y presentaci\u00f3n de Dep\u00f3sitos de Cuentas y libros de  contabilidad gratuita, incluida en tarifa (se pagan s\u00f3lo\u00a0gastos de gesti\u00f3n y  tasas)<\/div>\n<div>&#8211; Inspecciones de trabajo, incluida en tarifa una inspecci\u00f3n anual<\/div>\n<div>&#8211; Tarifa laboral por trabajadores, sin cobro adicional por altas y\/o bajas,  finiquitos, etc.<\/div>\n<div>&#8211; Servicio opcional de Contabilidad online, incluido en tarifa<\/div>\n<div>&#8211; Servicio opcional de programa de Facturaci\u00f3n online, incluido en  tarifa<\/div>\n<div>&#8211; Gesti\u00f3n de Subvenciones, precio reducido para clientes, no se aplica  porcentaje sobre subvenci\u00f3n concedida<\/div>","protected":false},"excerpt":{"rendered":"<p>Condiciones Especiales en servicios de Asesor\u00eda\/Consultor\u00eda con iguala mensual: \u00a0 &#8211; Alta de actividad gratuita para aut\u00f3nomos &#8211; Honorarios de asesor\u00eda gratuitos para constituci\u00f3n y alta en actividades de sociedades (v\u00eda PAIT) &#8211; Bonificaci\u00f3n de 2 meses de servicios de asesor\u00eda fiscal para nuevos clientes que contraten un per\u00edodo de permanencia de al menos 12 [&hellip;]<\/p>","protected":false},"author":1,"featured_media":0,"comment_status":"open","ping_status":"open","sticky":false,"template":"","format":"standard","meta":[],"categories":[16],"tags":[],"_links":{"self":[{"href":"https:\/\/www.decyde.es\/en\/wp-json\/wp\/v2\/posts\/385"}],"collection":[{"href":"https:\/\/www.decyde.es\/en\/wp-json\/wp\/v2\/posts"}],"about":[{"href":"https:\/\/www.decyde.es\/en\/wp-json\/wp\/v2\/types\/post"}],"author":[{"embeddable":true,"href":"https:\/\/www.decyde.es\/en\/wp-json\/wp\/v2\/users\/1"}],"replies":[{"embeddable":true,"href":"https:\/\/www.decyde.es\/en\/wp-json\/wp\/v2\/comments?post=385"}],"version-history":[{"count":0,"href":"https:\/\/www.decyde.es\/en\/wp-json\/wp\/v2\/posts\/385\/revisions"}],"wp:attachment":[{"href":"https:\/\/www.decyde.es\/en\/wp-json\/wp\/v2\/media?parent=385"}],"wp:term":[{"taxonomy":"category","embeddable":true,"href":"https:\/\/www.decyde.es\/en\/wp-json\/wp\/v2\/categories?post=385"},{"taxonomy":"post_tag","embeddable":true,"href":"https:\/\/www.decyde.es\/en\/wp-json\/wp\/v2\/tags?post=385"}],"curies":[{"name":"wp","href":"https:\/\/api.w.org\/{rel}","templated":true}]}}