{"id":391,"date":"2010-03-29T23:19:00","date_gmt":"2010-03-29T22:19:00","guid":{"rendered":"http:\/\/viaasesores.es\/2010\/03\/29\/cambian-los-impuestos-para-este-ano-estas-son-las-novedades-2\/"},"modified":"2010-03-29T23:19:00","modified_gmt":"2010-03-29T22:19:00","slug":"cambian-los-impuestos-para-este-ano-estas-son-las-novedades-2","status":"publish","type":"post","link":"https:\/\/www.decyde.es\/en\/cambian-los-impuestos-para-este-ano-estas-son-las-novedades-2\/","title":{"rendered":"Cambian los impuestos para este a\u00f1o: \u00e9stas son las novedades"},"content":{"rendered":"<p>Xavier Gil Pecharrom\u00e1n. El Economista<\/p>\n<p>Desde el pasado 1 de enero han entrado en vigor o est\u00e1n a punto de hacerlo un buen n\u00famero de novedades impositivas, que si bien no han adquirido la popularidad de la futura subida de los tipos del Impuesto sobre el Valor A\u00f1adido (IVA), si tienen una trascendencia important\u00edsima.<\/p>\n<p>Los cambios a principios de a\u00f1o ya han afectado a casi todos los tributos, incluidos los Impuestos Especiales y los de Transmisiones Patrimoniales y Actos Jur\u00eddicos Documentados. Este es un r\u00e1pido repaso sobre las que ahora se est\u00e1n preparando. <\/p>\n<p>Sociedades<br \/>Las medidas de promoci\u00f3n en la creaci\u00f3n de empleo han llevado al Gobierno prorrogar para los ejercicios 2011 y 2012 en el Real Decreto- Ley que se aprobar\u00e1 el 30 de marzo, la libertad de amortizaci\u00f3n para empresas y profesionales regulada en la Ley 4\/2008, si se mantiene el empleo, y el importe neto de la cifra de negocios es inferior a 5 millones de euros y la plantilla media no supera los 25 empleados.<\/p>\n<p>Inicialmente pensado para 2009 y 2010, afecta a 1,3 millones de empresas, masivamente peque\u00f1as y medianas. Esta medida se complementa, aunque no tiene una incidencia tributaria directa, con la ampliaci\u00f3n para este ejercicio de la regla transitoria incluida en el Real Decreto-Ley 10\/2008, que modifica la regla de c\u00f3mputo de p\u00e9rdidas en los supuestos de reducci\u00f3n obligatoria de capital social en la sociedad an\u00f3nima y de disoluci\u00f3n en las sociedades an\u00f3nimas y de responsabilidad limitada. <\/p>\n<p>De esta forma, se evita la disoluci\u00f3n de la sociedad cuando a consecuencia de las p\u00e9rdidas existentes en el patrimonio neto contable, \u00e9ste queda reducido por debajo de la mitad del capital social. Una medida necesaria para cientos de empresas, como las inmobiliarias, que se encuentran masivamente en esta situaci\u00f3n sin que ello suponga que no existe viabilidad para estas sociedades.<\/p>\n<p>La otra gran medida llegar\u00e1 para acallar una de las grandes angustias de los asesores fiscales y de la que han hecho bandera PP y CiU en el Parlamento, como son las obligaciones de documentaci\u00f3n de las operaciones vinculadas intragrupo o de los socios con sus sociedades y el amplio cap\u00edtulo de sanciones que conlleva su incumplimiento, que llega hasta los 15.000 euros por grupo de datos. La norma incluir\u00e1 una importante simplificaci\u00f3n para las pymes de las obligaciones de documentaci\u00f3n en operaciones vinculadas sobre todo de las interiores, pero descarta a\u00f1adir estas facilidades para las operaciones realizadas a trav\u00e9s de para\u00edsos fiscales. <\/p>\n<p>La medida, por tanto, no recoge las demandas de las asociaciones de asesores fiscales y de la asociaci\u00f3n de Inspectores de Hacienda del Estado, que junto a una mayor simplificaci\u00f3n de las obligaciones documentales solicitaba tambi\u00e9n a los responsables de la Agencia Tributaria la limitaci\u00f3n de las obligaciones de documentaci\u00f3n s\u00f3lo para las operaciones internacionales.<\/p>\n<p>Quedan pendientes de aprobaci\u00f3n, aunque el Gobierno prev\u00e9 hacerlo en los pr\u00f3ximos meses, otras medidas incluidas en la Ley de Econom\u00eda sostenible, como el incremento de la deducci\u00f3n por inversiones medioambientales consistentes en instalaciones que eviten de la contaminaci\u00f3n ac\u00fastica hasta el 8%. Tambi\u00e9n se incrementar\u00e1 al 12% la deducci\u00f3n por innovaci\u00f3n tecnol\u00f3gica. Finalmente, se incrementar\u00e1 al 60% el l\u00edmite para las deducciones por actividades de investigaci\u00f3n y de la comunicaci\u00f3n, as\u00ed como en la deducci\u00f3n por actividades de investigaci\u00f3n y desarrollo de la innovaci\u00f3n tecnol\u00f3gica, de los gastos y las inversiones efectuados en ese periodo impositivo, que exceda del 10% de la cuota \u00edntegra minorada en las deducciones para evitar la doble imposici\u00f3n. <\/p>\n<p>IRPF<br \/>En esta figura tributaria se adelanta una deducci\u00f3n que estaba prevista en la Ley de Econom\u00eda Sostenible y limitada hasta el 31 de diciembre de 2012, por las cantidades satisfechas por obras que tengan por objeto la eficiencia energ\u00e9tica, la mejora de las cubiertas y la estanqueidad, el saneamiento, el acceso a la sociedad de la informaci\u00f3n, la sustituci\u00f3n o mejora de las instalaciones de electricidad, agua, gas, la adaptaci\u00f3n de la vivienda a personas con discapacidad, o la mejora de la accesibilidad del edificio o las viviendas seg\u00fan prev\u00e9 el Real Decreto 2068\/2008. <\/p>\n<p>Esta deducci\u00f3n ser\u00e1 del 10% para contribuyentes de renta inferior a 33.007 euros con un l\u00edmite de 4.000 euros anuales por vivienda, pudiendo deducirse las cantidades sobrantes en los cuatro ejercicios siguientes, conelmismol\u00edmiteanualyconun m\u00e1ximo total de 12.000 euros. La deducci\u00f3n decrecer\u00e1 progresivamente para los contribuyentes con rentas entre 33.007 y 39.407,20. <\/p>\n<p>Desde 2011 los contribuyentes no se podr\u00e1n desgravar las nuevas compras de vivienda, salvo en el caso de familias con rentas inferiores a 24.107,20 euros brutos anuales. Este hecho, unido a la subida del IVA que grava los inmuebles de nueva construcci\u00f3n del 7% al 8%, animar\u00e1 el inmediato adelanto de las compras. <\/p>\n<p>En el \u00e1mbito laboral, destacar\u00e1 la exenci\u00f3n de tributaci\u00f3n en el IRPFdeltrabajador de las cuant\u00edas satisfechas por las empresas para desplazamientos entre la residencia y el centro de trabajo en transporte p\u00fablico, con el l\u00edmite de 1.500 euros anuales, medida prevista en la LES, que ser\u00e1 adelantada. Quedan pendientes otros aspectos de esta futura ley como el incremento del l\u00edmite a la reducci\u00f3n por rendimientos del trabajo irregulares hasta los 600.000euros. <\/p>\n<p>Otra de las medidas estrella del Gobierno seguir\u00e1 pendiente de aprobaci\u00f3n. Se trata de la reducci\u00f3n del 50% en los arrendamientos de inmuebles destinados a vivienda, que se incrementar\u00e1 al 60%. Por otro lado, la edad necesaria en el arrendatario para disfrutar de la reducci\u00f3n del cien por ciento del rendimiento por alquiler de vivienda se recortar\u00e1 desde los 18 a 35 a\u00f1os hasta los 18 y 30 a\u00f1os a partir del 1 de enero de 2010. Tambi\u00e9n, se prev\u00e9 el recorte en la deducci\u00f3n por alquiler de viviendas, s\u00f3lo para rentas inferiores a 24.107,20 euros. <\/p>\n<p>IVA<br \/>La medida demandada por los empresarios para que no se ingrese el IVA hasta que no se haya cobrado la deuda no ha sido atendida por el Gobierno, a cambio, se acortar\u00e1 de un a\u00f1o a seis meses el plazo para recuperar el IVA por el impago de facturas. S\u00ed que se ha acogido, sin embargo, la reducci\u00f3n para las obras realizadas hasta el 31 de diciembre de 2012 y ampliando el l\u00edmite m\u00e1ximo del coste de materiales hasta el 30% del precio de la actuaci\u00f3n. <\/p>\n<p>Se ampl\u00eda, adem\u00e1s, el concepto de rehabilitaci\u00f3n estructural, para lo que se definen las obras an\u00e1logas y conexas a las estructurales con el objeto de reducir los costes fiscales asociados al proceso de rehabilitaci\u00f3n. Se incluyen las obras de rehabilitaci\u00f3n energ\u00e9tica, incluidas las que fomenten el uso eficiente del agua y las que suprimen las barreras y a la promoci\u00f3n de la accesibilidad, realizados en edificios de viviendas. <\/p>\n<p>Finalmente, tambi\u00e9n se aplicar\u00e1 el tipo superreducido del 4% a los servicios de atenci\u00f3n a la dependencia prestados por empresas integradas en el sistema de autonom\u00eda y atenci\u00f3n a la dependencia con plazas concertadasenresidencias. Espa\u00f1a ha transpuesto el conocido como Paquete IVA que incluye nuevas normas de localizaci\u00f3n para las prestaciones de servicios; revisi\u00f3n de la periodicidad y de la informaci\u00f3n a incluir en la declaraci\u00f3n de las operaciones intracomunitarias y el nuevo procedimiento de solicitud de devoluci\u00f3n para empresarios o profesionales comunitarios no establecidos. Esta \u00faltima actividad se ha retrasado en varios pa\u00edses comunitarios, amonestados por la Comisi\u00f3n al no disponer del modelo 349. Bruselas tendr\u00e1 que imponer orden en esta importante medida.<\/p>","protected":false},"excerpt":{"rendered":"<p>Xavier Gil Pecharrom\u00e1n. El Economista Desde el pasado 1 de enero han entrado en vigor o est\u00e1n a punto de hacerlo un buen n\u00famero de novedades impositivas, que si bien no han adquirido la popularidad de la futura subida de los tipos del Impuesto sobre el Valor A\u00f1adido (IVA), si tienen una trascendencia important\u00edsima. Los [&hellip;]<\/p>","protected":false},"author":1,"featured_media":0,"comment_status":"open","ping_status":"open","sticky":false,"template":"","format":"standard","meta":[],"categories":[16],"tags":[],"_links":{"self":[{"href":"https:\/\/www.decyde.es\/en\/wp-json\/wp\/v2\/posts\/391"}],"collection":[{"href":"https:\/\/www.decyde.es\/en\/wp-json\/wp\/v2\/posts"}],"about":[{"href":"https:\/\/www.decyde.es\/en\/wp-json\/wp\/v2\/types\/post"}],"author":[{"embeddable":true,"href":"https:\/\/www.decyde.es\/en\/wp-json\/wp\/v2\/users\/1"}],"replies":[{"embeddable":true,"href":"https:\/\/www.decyde.es\/en\/wp-json\/wp\/v2\/comments?post=391"}],"version-history":[{"count":0,"href":"https:\/\/www.decyde.es\/en\/wp-json\/wp\/v2\/posts\/391\/revisions"}],"wp:attachment":[{"href":"https:\/\/www.decyde.es\/en\/wp-json\/wp\/v2\/media?parent=391"}],"wp:term":[{"taxonomy":"category","embeddable":true,"href":"https:\/\/www.decyde.es\/en\/wp-json\/wp\/v2\/categories?post=391"},{"taxonomy":"post_tag","embeddable":true,"href":"https:\/\/www.decyde.es\/en\/wp-json\/wp\/v2\/tags?post=391"}],"curies":[{"name":"wp","href":"https:\/\/api.w.org\/{rel}","templated":true}]}}