{"id":403,"date":"2010-12-31T09:02:33","date_gmt":"2010-12-31T08:02:33","guid":{"rendered":"http:\/\/viaasesores.es\/2009\/06\/17\/el-presidente-de-la-comision-de-la-union-europea-se-compromete-a-revisar-la-normativa-sobre-el-i-v-a-4\/"},"modified":"2010-12-31T09:02:33","modified_gmt":"2010-12-31T08:02:33","slug":"el-presidente-de-la-comision-de-la-union-europea-se-compromete-a-revisar-la-normativa-sobre-el-i-v-a-4","status":"publish","type":"post","link":"https:\/\/www.decyde.es\/en\/el-presidente-de-la-comision-de-la-union-europea-se-compromete-a-revisar-la-normativa-sobre-el-i-v-a-4\/","title":{"rendered":"El presidente de la Comisi\u00f3n de la Uni\u00f3n Europea se compromete a revisar la normativa sobre el I.V.A"},"content":{"rendered":"<p><strong>Estudio para evaluar la revisi\u00f3n de la Directiva sobre el I.V.A<\/strong><br \/>\nEl presidente de la Comisi\u00f3n Europea, Jos\u00e9 Manuel Durao Barroso, se ha comprometido a iniciar un estudio a finales de este a\u00f1o, sobre posibles cambios a realizar en aquellos aspectos de la normativa sobre el I.V.A, que afectan a las fundaciones. En contestaci\u00f3n a una carta de Emilio Rui Vilar, presidente del Centro Europeo de Fundaciones, asegura que el estudio \u00abevaluar\u00e1 la posibilidad de una revisi\u00f3n de las normas de la Directiva sobre el I.V.A\u00bb. Tambi\u00e9n afirma que los estudios aportados por el Centro Europeo de Fundaciones, que muestran lo que las fundaciones pi\u00e9rden por esta causa, supondr\u00e1n una \u00abvaliosa fuente de informaci\u00f3n para este estudio\u00bb. Las fundaciones son tratadas generalmente como consumidores finales al realizar actividades exentas o gratuitas por las que no repercuten ning\u00fan IVA, perdiendo por tanto su derecho a la deducci\u00f3n del IVA soportado.<\/p>","protected":false},"excerpt":{"rendered":"<p>Estudio para evaluar la revisi\u00f3n de la Directiva sobre el I.V.A El presidente de la Comisi\u00f3n Europea, Jos\u00e9 Manuel Durao Barroso, se ha comprometido a iniciar un estudio a finales de este a\u00f1o, sobre posibles cambios a realizar en aquellos aspectos de la normativa sobre el I.V.A, que afectan a las fundaciones. En contestaci\u00f3n a [&hellip;]<\/p>","protected":false},"author":1,"featured_media":0,"comment_status":"open","ping_status":"open","sticky":false,"template":"","format":"standard","meta":[],"categories":[16],"tags":[],"_links":{"self":[{"href":"https:\/\/www.decyde.es\/en\/wp-json\/wp\/v2\/posts\/403"}],"collection":[{"href":"https:\/\/www.decyde.es\/en\/wp-json\/wp\/v2\/posts"}],"about":[{"href":"https:\/\/www.decyde.es\/en\/wp-json\/wp\/v2\/types\/post"}],"author":[{"embeddable":true,"href":"https:\/\/www.decyde.es\/en\/wp-json\/wp\/v2\/users\/1"}],"replies":[{"embeddable":true,"href":"https:\/\/www.decyde.es\/en\/wp-json\/wp\/v2\/comments?post=403"}],"version-history":[{"count":0,"href":"https:\/\/www.decyde.es\/en\/wp-json\/wp\/v2\/posts\/403\/revisions"}],"wp:attachment":[{"href":"https:\/\/www.decyde.es\/en\/wp-json\/wp\/v2\/media?parent=403"}],"wp:term":[{"taxonomy":"category","embeddable":true,"href":"https:\/\/www.decyde.es\/en\/wp-json\/wp\/v2\/categories?post=403"},{"taxonomy":"post_tag","embeddable":true,"href":"https:\/\/www.decyde.es\/en\/wp-json\/wp\/v2\/tags?post=403"}],"curies":[{"name":"wp","href":"https:\/\/api.w.org\/{rel}","templated":true}]}}