{"id":713,"date":"2013-12-27T12:49:39","date_gmt":"2013-12-27T11:49:39","guid":{"rendered":"http:\/\/viaasesores.es\/?p=713"},"modified":"2013-12-27T12:49:39","modified_gmt":"2013-12-27T11:49:39","slug":"como-recuperar-el-iva-si-tu-cliente-declara-un-concurso-de-acreedores-por-zaplanaf","status":"publish","type":"post","link":"https:\/\/www.decyde.es\/en\/como-recuperar-el-iva-si-tu-cliente-declara-un-concurso-de-acreedores-por-zaplanaf\/","title":{"rendered":"C\u00f3mo recuperar el IVA si tu Cliente declara un Concurso de Acreedores por @Zaplanaf"},"content":{"rendered":"<p>Para los que trabajamos en Murcia, especialmente para los que asesoramos a empresas murcianas como hacemos en\u00a0<strong><a title=\"V\u00eda Asesores\" href=\"http:\/\/viaasesores.es\/\" target=\"_blank\">V\u00eda Asesores<\/a><\/strong>, no es una buena noticia el estudio referido a Noviembre de 2013, el cuan indica que s\u00f3lo en Murcia y Galicia aumentan los concursos de acreedores, en contraste con el descenso general medio de un 22%.<\/p>\n<p>Pero dentro de lo malo, si un cliente entra en concurso de acreedores, al menos el IVA lo podemos recuperar y adem\u00e1s de forma sencilla, la cual explico a continuaci\u00f3n, eso si, es importante seguir todos los pasos correctamente y cumplir con los plazos o de lo contrario habremos descontado incorrectamente el IVA no percibido.<\/p>\n<p style=\"text-align: center;\"><a href=\"http:\/\/viaasesores.es\/wp-content\/uploads\/2013\/01\/VIA-ASESORES-VIAASESORES.gif\"><img decoding=\"async\" loading=\"lazy\" class=\"size-full wp-image-257 aligncenter\" alt=\"VIA-ASESORES-VIAASESORES\" src=\"http:\/\/viaasesores.es\/wp-content\/uploads\/2013\/01\/VIA-ASESORES-VIAASESORES.gif\" width=\"116\" height=\"73\" \/><\/a><\/p>\n<p>En primer lugar, tras la comunicaci\u00f3n del inicio del proceso, la empresa debe comunicar a la administraci\u00f3n concursal las cuant\u00edas que se nos adeudan por parte de la mercantil concursada, tal y como establece el art. 85 de la Ley Concursal 22\/2003, este plazo es de 15 d\u00edas y debe comunicarse nuestro nombre o raz\u00f3n social, domicilio, nif o cif y la informaci\u00f3n del cr\u00e9dito pendiente, concepto, cuant\u00eda, fechas, vencimientos, caracter\u00edsticas y calificaci\u00f3n que se pretenda, invocando privilegios especiales si fuera procedente.<\/p>\n<p>En segundo lugar, tras la publicaci\u00f3n en el BOE del Auto de declaraci\u00f3n de concurso de acreedores, tendremos un plazo de un mes desde el d\u00eda siguiente para emitir una factura rectificativa, estas facturas llevan una numeraci\u00f3n distinta a las series de facturaci\u00f3n habituales y deben indicar como concepto \u2018\u2026por causa de modificaci\u00f3n de base imponible y anulaci\u00f3n de la cuota repercutida conforme art\u00edculo 80 Ley 37\/1992 y art\u00edculo 24 R.D. 1624\/1992 del IVA\u2019.\u00a0En la factura se incluir\u00e1n las cantidades pendientes, excluyendo el IVA que en ese momentos estaremos rectificando para recuperarlo.<\/p>\n<p>En tercer lugar, en el plazo de un mes desde fecha factura debe comunicarse por escrito a la Agencia Tributaria que se ha rectificado, anulando la cuota repercutida y modificando la base imponible de las facturas relacionadas y que estaban impagadas a fecha del Auto de declaraci\u00f3n de concurso de acreedores, tambi\u00e9n se remitir\u00e1 copia a la administraci\u00f3n concursal. Es importante se\u00f1alar que estos cr\u00e9ditos no est\u00e1n excluidos (por que si as\u00ed fuera no podr\u00eda recuperarse el IVA) por las siguientes razones:<\/p>\n<ul>\n<li>Las operaciones est\u00e1n incursas en un procedimiento concursal<\/li>\n<li>Los cr\u00e9ditos no est\u00e1n garantizados, afianzados o asegurados<\/li>\n<li>El deudor no es una entidad vinculada con la sociedad acreedora, ni un ente p\u00fablico, y es un empresario establecido en territorio de aplicaci\u00f3n del IVA espa\u00f1ol<\/li>\n<\/ul>\n<p>Por \u00faltimo, junto a la comunicaci\u00f3n a la Agencia Tributaria se deben presentar copias de todas las facturas originales relacionadas, sus rectificativas y muy importante, una copia del auto judicial de la declaraci\u00f3n de concurso o certificaci\u00f3n acreditativa del Registro Mercantil.<\/p>\n<p>As\u00ed, sin m\u00e1s, podremos proceder a recuperar el IVA de las facturas que permanec\u00edan impagadas y ante la declaraci\u00f3n de una situaci\u00f3n concursal son a\u00fan m\u00e1s de dudoso cobro.<\/p>\n<div>\n<p>&nbsp;<\/p>\n<\/div>","protected":false},"excerpt":{"rendered":"<p>Para los que trabajamos en Murcia, especialmente para los que asesoramos a empresas murcianas como hacemos en\u00a0V\u00eda Asesores, no es una buena noticia el estudio referido a Noviembre de 2013, el cuan indica que s\u00f3lo en Murcia y Galicia aumentan los concursos de acreedores, en contraste con el descenso general medio de un 22%. Pero [&hellip;]<\/p>","protected":false},"author":1,"featured_media":495,"comment_status":"open","ping_status":"open","sticky":false,"template":"","format":"standard","meta":[],"categories":[38],"tags":[145,146,65,147],"_links":{"self":[{"href":"https:\/\/www.decyde.es\/en\/wp-json\/wp\/v2\/posts\/713"}],"collection":[{"href":"https:\/\/www.decyde.es\/en\/wp-json\/wp\/v2\/posts"}],"about":[{"href":"https:\/\/www.decyde.es\/en\/wp-json\/wp\/v2\/types\/post"}],"author":[{"embeddable":true,"href":"https:\/\/www.decyde.es\/en\/wp-json\/wp\/v2\/users\/1"}],"replies":[{"embeddable":true,"href":"https:\/\/www.decyde.es\/en\/wp-json\/wp\/v2\/comments?post=713"}],"version-history":[{"count":0,"href":"https:\/\/www.decyde.es\/en\/wp-json\/wp\/v2\/posts\/713\/revisions"}],"wp:featuredmedia":[{"embeddable":true,"href":"https:\/\/www.decyde.es\/en\/wp-json\/"}],"wp:attachment":[{"href":"https:\/\/www.decyde.es\/en\/wp-json\/wp\/v2\/media?parent=713"}],"wp:term":[{"taxonomy":"category","embeddable":true,"href":"https:\/\/www.decyde.es\/en\/wp-json\/wp\/v2\/categories?post=713"},{"taxonomy":"post_tag","embeddable":true,"href":"https:\/\/www.decyde.es\/en\/wp-json\/wp\/v2\/tags?post=713"}],"curies":[{"name":"wp","href":"https:\/\/api.w.org\/{rel}","templated":true}]}}