{"id":716,"date":"2014-01-14T18:09:30","date_gmt":"2014-01-14T17:09:30","guid":{"rendered":"http:\/\/viaasesores.es\/?p=716"},"modified":"2014-01-14T18:09:30","modified_gmt":"2014-01-14T17:09:30","slug":"subida-de-cotizacion-en-seguridad-social-y-otras-piedras-en-el-camino","status":"publish","type":"post","link":"https:\/\/www.decyde.es\/en\/subida-de-cotizacion-en-seguridad-social-y-otras-piedras-en-el-camino\/","title":{"rendered":"Subida de cotizaci\u00f3n en Seguridad Social y otras piedras en el camino"},"content":{"rendered":"<p><strong>Parec\u00eda que el discurso de la ayuda a aut\u00f3nomos y empresas era cierto<\/strong>, parec\u00eda que esta vez si hab\u00eda un convencimiento pol\u00edtico para estimular el autoempleo y los incipientes \u00e1nimos emprendedores de los espa\u00f1oles, pero de repente lleg\u00f3 la Navidad y como quien no quiere la cosa, <strong>a escondidas y de forma semiclandestina nos dieron con la realidad en toda la cara<\/strong>, un Zas en la boca en toda regla para quienes nos empe\u00f1amos en que salgan adelante a pesar de las dificultades esos peque\u00f1os negocios y gente valiente que no han cesado de bracear en busca de la orilla.<\/p>\n<p>Pueden parecer nimiedades, pero no lo son, realmente son una canallada, una verg\u00fcenza que no se deber\u00eda tolerar, pero que por desgracia se hace y mucho me temo acabar\u00e1 con no pocas resistencias, porque no es ya cuesti\u00f3n de cuant\u00edas, m\u00e1s o menos, es cuesti\u00f3n de que llega un momento en que la cuerda de la esperanza se quiebra y se cae, sin pausa y hasta el fondo, como nos la han metido con las <strong>nuevas medidas de incremento de las cotizaciones de la Seguridad Social del Decreto Ley de 20 de Diciembre<\/strong> o la infame<strong> Instrucci\u00f3n 6\/2013 de Recaudaci\u00f3n de la Agencia Tributaria que no permite ni tan siquiera solicitar un aplamiento del pago de retenciones<\/strong>.<\/p>\n<p style=\"text-align: center;\"><a href=\"http:\/\/viaasesores.es\/wp-content\/uploads\/2013\/02\/madoff-y-seguridad-social.jpg\"><img decoding=\"async\" loading=\"lazy\" class=\"size-medium wp-image-479 aligncenter\" alt=\"madoff-y-seguridad-social\" src=\"http:\/\/viaasesores.es\/wp-content\/uploads\/2013\/02\/madoff-y-seguridad-social-300x203.jpg\" width=\"300\" height=\"203\" \/><\/a><\/p>\n<p>Sabemos que todo se complica, por eso<strong> en V\u00eda Asesores redoblamos esfuerzos para ayudarte y nos tienes a tu disposici\u00f3n<\/strong>, de momento con informaci\u00f3n, como suponemos que, <strong>si eres aut\u00f3nomo o tienes una peque\u00f1a empresa, querr\u00e1s saber en que consisten esas piedras colocadas en tu camino<\/strong>, as\u00ed que a continuaci\u00f3n detallo:<\/p>\n<p><strong>1.- Sube un 2% la base m\u00ednima de cotizaci\u00f3n para todos los aut\u00f3nomos<\/strong>, de 858,60 \u20ac hasta los 875,70 \u20ac que ahora marcan el m\u00ednimo, lo cual supone pasar de pagar 256,72 \u20ac a 261,83 \u20ac al mes.<\/p>\n<p><strong>2.- Incremento de un 5% en la base m\u00e1xima<\/strong>, hasta ahora el techo estaba fijado en una cuota de 3.425,70 \u20ac, que ahora pasa a ser de 3.597,00 \u20ac, un incremento notable para los aut\u00f3nomos, que dir\u00eda aquel.<\/p>\n<p><strong>3.- Subida de un \u00a122%!!!! a los aut\u00f3nomos que dirijan o sean socios mayoritarios en una Sociedad o bien has contado con al menos 10 empleados.\u00a0<\/strong>Un aut\u00e9ntico dislate, equiparan cotizaci\u00f3n del aut\u00f3nomo con la del grupo de cotizaci\u00f3n 1 del R\u00e9gimen General, que para 2014 es de 1.051,50 \u20ac, por tanto, la cuota pasa de 256,72 \u20ac a 313,40 \u20ac al mes.<\/p>\n<p><strong>4.- Cotizaci\u00f3n por la llamada remuneraci\u00f3n flexible<\/strong>, hasta ahora hab\u00eda conceptos en las n\u00f3minas de los empleados que se pueden llamar &#8216;sociales&#8217; que se inclu\u00edan como remuneraci\u00f3n, pero no cotizaban, comida, transporte, guarder\u00eda, seguros m\u00e9dicos, planes de pensiones, etc., sin embargo, en una medida abusivamente recaudatoria se ha eliminado esta exenci\u00f3n y ello afectar\u00e1 a las empresas y probablemente a los trabajadores que ver\u00e1n como un pellizco de su sueldo se lo lleva F\u00e1tima Ba\u00f1ez en forma de cotizaci\u00f3n a la Seguridad Social.<\/p>\n<p><strong>5.- Inadmisibilidad, con car\u00e1cter general, de las solicitudes de aplazamiento o fraccionamiento de retenciones e ingresos a cuenta<\/strong>, lo cual no permite ning\u00fan tipo de margen a las empresas para poder pagar estas retenciones, o se pagan en plazo o debes realizar el pago con recargo y por supuesto, llegado el caso, si no pagas, te embargan, algo incomprensible, cuando la administraci\u00f3n deber\u00eda dar un margen a las empresas, como ven\u00eda haciendo en muchos casos hasta ahora, aplazar un pago de este tipo no es un capricho, sino un margen de tiempo para ir pagando de forma fraccionada y eso si, con sus correspondientes intereses, que la AEAT no perd\u00eda en ning\u00fan caso.<\/p>\n<p>&nbsp;<\/p>","protected":false},"excerpt":{"rendered":"<p>Parec\u00eda que el discurso de la ayuda a aut\u00f3nomos y empresas era cierto, parec\u00eda que esta vez si hab\u00eda un convencimiento pol\u00edtico para estimular el autoempleo y los incipientes \u00e1nimos emprendedores de los espa\u00f1oles, pero de repente lleg\u00f3 la Navidad y como quien no quiere la cosa, a escondidas y de forma semiclandestina nos dieron [&hellip;]<\/p>","protected":false},"author":1,"featured_media":479,"comment_status":"open","ping_status":"open","sticky":false,"template":"","format":"standard","meta":[],"categories":[37],"tags":[],"_links":{"self":[{"href":"https:\/\/www.decyde.es\/en\/wp-json\/wp\/v2\/posts\/716"}],"collection":[{"href":"https:\/\/www.decyde.es\/en\/wp-json\/wp\/v2\/posts"}],"about":[{"href":"https:\/\/www.decyde.es\/en\/wp-json\/wp\/v2\/types\/post"}],"author":[{"embeddable":true,"href":"https:\/\/www.decyde.es\/en\/wp-json\/wp\/v2\/users\/1"}],"replies":[{"embeddable":true,"href":"https:\/\/www.decyde.es\/en\/wp-json\/wp\/v2\/comments?post=716"}],"version-history":[{"count":0,"href":"https:\/\/www.decyde.es\/en\/wp-json\/wp\/v2\/posts\/716\/revisions"}],"wp:featuredmedia":[{"embeddable":true,"href":"https:\/\/www.decyde.es\/en\/wp-json\/"}],"wp:attachment":[{"href":"https:\/\/www.decyde.es\/en\/wp-json\/wp\/v2\/media?parent=716"}],"wp:term":[{"taxonomy":"category","embeddable":true,"href":"https:\/\/www.decyde.es\/en\/wp-json\/wp\/v2\/categories?post=716"},{"taxonomy":"post_tag","embeddable":true,"href":"https:\/\/www.decyde.es\/en\/wp-json\/wp\/v2\/tags?post=716"}],"curies":[{"name":"wp","href":"https:\/\/api.w.org\/{rel}","templated":true}]}}