{"id":720,"date":"2014-01-28T19:43:59","date_gmt":"2014-01-28T18:43:59","guid":{"rendered":"http:\/\/viaasesores.es\/?p=720"},"modified":"2014-01-28T19:43:59","modified_gmt":"2014-01-28T18:43:59","slug":"retenciones-profesionales-al-21-un-ano-mas-promesa-incumplida-por-zaplanaf","status":"publish","type":"post","link":"https:\/\/www.decyde.es\/en\/retenciones-profesionales-al-21-un-ano-mas-promesa-incumplida-por-zaplanaf\/","title":{"rendered":"Retenciones Profesionales al 21% un A\u00f1o M\u00e1s: Promesa Incumplida por @Zaplanaf"},"content":{"rendered":"<p>Hace ya un buen tiempo que los profesionales venimos soportando retenciones elevad\u00edsimas, no hace tanto que los tribunales dictaminaron que una retenci\u00f3n de un 20% es confiscatoria, quiz\u00e1 por ello en el momento de la subida hasta el 21% se nos suaviz\u00f3 la medida con una promesa de provisionalidad, pero nuevamente nos encontramos con promesas incumplidas en materia de fiscalidad.<\/p>\n<p>Para quien no sepa de que hablo, los aut\u00f3nomos que trabajan bajo un ep\u00edgrafe de IAE de categor\u00eda profesional tienen que emitir facturas en las cuales, cuando trabajan a otras empresas, aut\u00f3nomos o entidades con CIF, tienen que dejar de cobrar parte de la factura, un dinero que en un 21% tiene claramente un caracter confiscatorio, porque no es que estes pagando un impuesto, sino que es un pago a cuenta de tu \u2018posible\u2019 tributaci\u00f3n en Renta por los beneficios obtenidos a final de ejercicio.<\/p>\n<p>\u00bfY cuando se recupera este dinero? Pues bien, resulta que, imaginad, si hacemos una factura por servicios profesionales <a href=\"http:\/\/viaasesores.es\/wp-content\/uploads\/2014\/01\/Logo-Via-Asesores.jpg\"><img decoding=\"async\" loading=\"lazy\" class=\"size-medium wp-image-722 alignright\" alt=\"Logo Via Asesores\" src=\"http:\/\/viaasesores.es\/wp-content\/uploads\/2014\/01\/Logo-Via-Asesores-300x154.jpg\" width=\"300\" height=\"154\" \/><\/a>en Enero de 2014 con una base imponible de 1.000 \u20ac, se aplica un 21%, por lo que dejamos de percibir 210 \u20ac, dinero que se ingresa a la Agencia Tributaria en met\u00e1lico en Abril, estos importes vendr\u00e1n reflejados en mi Renta 2014, que se confecciona entre Mayo y Junio, pero de 2015.<\/p>\n<p>Imaginad de nuevo que mi tipo impositivo queda por debajo del 21% y me tienen que devolver, como quiera que la AEAT tiene 6 meses para hacer la devoluci\u00f3n y adem\u00e1s ahora est\u00e1 procediendo amablemente a efectuar revisiones, la devoluci\u00f3n podr\u00eda (y de hecho ocurre en muchas ocasiones) retrasarse hasta Enero de 2016, o sea, 2 a\u00f1os desp\u00faes y eso con suerte de no pasar una revisi\u00f3n de IRPF que retrase a\u00fan m\u00e1s todo el proceso.<\/p>\n<p>Para quien tenga curiosidad de consultar la normativa con una explicaci\u00f3n m\u00e1s t\u00e9cnica, a continuaci\u00f3n acompa\u00f1o los datos:<\/p>\n<div>\n<p><strong>Se prorroga para el ejercicio 2014 el aumento de la\u00a0CUOTA DE RETENCI\u00d3N<\/strong><\/p>\n<p><i>(<\/i><i>Art\u00edculo\u00a064.4 LPGE\u201914,<\/i><i>\u00a0DA 35\u00aa y DT 23\u00aa LIRPF -Tipo de retenci\u00f3n aplicable a los rendimientos de actividades profesionales y a determinados rendimientos del trabajo- y arts. 85.1 y 2 RIRPF)<\/i>. (Efectos 1-01-14)<\/p>\n<\/div>\n<p>Por el art. 64.4 de la Ley de Presupuestos Generales del Estado para 2014:<\/p>\n<p><i>1\u00ba.-\u00a0<\/i><strong>Se prorroga<\/strong><i>\u00a0lo dispuesto en la DA 35\u00aa LIRPF,\u00a0<\/i><strong>manteni\u00e9ndose para el ejercicio 2014 el tipo de retenci\u00f3n del 21%<\/strong><i>\u00a0para las retenciones previstas en el art. 101 de la LIRPF.<\/i><\/p>\n<div>\n<p><i>\u00a0<\/i><i>2\u00ba.-\u00a0<\/i><strong>Se prorroga<\/strong><i>\u00a0lo dispuesto en la DA 35\u00aa LIRPF,\u00a0<\/i><strong>manteni\u00e9ndose para el ejercicio 2014 el tipo de retenci\u00f3n del 42%<\/strong><i>\u00a0para las retenciones previstas en el art. 98.2 de la LIRPF.<\/i><\/p>\n<p><i>\u00a0<\/i><i>3\u00ba.- Se modifica la DT 23\u00aa de la LIRPF,\u00a0<\/i><strong>desapareciendo cualquier tipo de menci\u00f3n a los ejercicios 2012 y 2013<\/strong><i>, por lo que resulta de aplicaci\u00f3n el tipo del 21% sobre rendimientos de actividades profesionales y de determinados tipos de trabajo.<\/i><\/p>\n<p><strong>Referencias normativas:<\/strong><\/p>\n<p><b><i>\u00a0<\/i><\/b>\u00a0(G<i>ravamen complementario a la cuota \u00edntegra estatal<\/i><i>):\u00a0<\/i><i>Se prorroga para 2014 lo dispuesto en la DA 35\u00aa LIRPF.<\/i><\/p>\n<p><i>\u00a0<\/i><i>(<\/i>Ley 22\/2013,\u00a0<i>de 23 de diciembre, de Presupuestos Generales del Estado para el a\u00f1o 2014 (BOE 26 de diciembre)\u00a0<\/i>-\u00e0 (VER:\u00a0<strong><a href=\"http:\/\/www.boe.es\/boe\/dias\/2013\/12\/26\/pdfs\/BOE-A-2013-13616.pdf\" target=\"_blank\">http:\/\/www.boe.es\/boe\/dias\/2013\/12\/26\/pdfs\/BOE-A-2013-13616.pdf<\/a><\/strong>)<\/p>\n<\/div>\n<div>\n<p>&nbsp;<\/p>\n<\/div>","protected":false},"excerpt":{"rendered":"<p>Hace ya un buen tiempo que los profesionales venimos soportando retenciones elevad\u00edsimas, no hace tanto que los tribunales dictaminaron que una retenci\u00f3n de un 20% es confiscatoria, quiz\u00e1 por ello en el momento de la subida hasta el 21% se nos suaviz\u00f3 la medida con una promesa de provisionalidad, pero nuevamente nos encontramos con promesas [&hellip;]<\/p>","protected":false},"author":1,"featured_media":721,"comment_status":"open","ping_status":"open","sticky":false,"template":"","format":"standard","meta":[],"categories":[16],"tags":[148,149,150,151],"_links":{"self":[{"href":"https:\/\/www.decyde.es\/en\/wp-json\/wp\/v2\/posts\/720"}],"collection":[{"href":"https:\/\/www.decyde.es\/en\/wp-json\/wp\/v2\/posts"}],"about":[{"href":"https:\/\/www.decyde.es\/en\/wp-json\/wp\/v2\/types\/post"}],"author":[{"embeddable":true,"href":"https:\/\/www.decyde.es\/en\/wp-json\/wp\/v2\/users\/1"}],"replies":[{"embeddable":true,"href":"https:\/\/www.decyde.es\/en\/wp-json\/wp\/v2\/comments?post=720"}],"version-history":[{"count":0,"href":"https:\/\/www.decyde.es\/en\/wp-json\/wp\/v2\/posts\/720\/revisions"}],"wp:featuredmedia":[{"embeddable":true,"href":"https:\/\/www.decyde.es\/en\/wp-json\/"}],"wp:attachment":[{"href":"https:\/\/www.decyde.es\/en\/wp-json\/wp\/v2\/media?parent=720"}],"wp:term":[{"taxonomy":"category","embeddable":true,"href":"https:\/\/www.decyde.es\/en\/wp-json\/wp\/v2\/categories?post=720"},{"taxonomy":"post_tag","embeddable":true,"href":"https:\/\/www.decyde.es\/en\/wp-json\/wp\/v2\/tags?post=720"}],"curies":[{"name":"wp","href":"https:\/\/api.w.org\/{rel}","templated":true}]}}