{"id":727,"date":"2013-11-08T10:44:04","date_gmt":"2013-11-08T09:44:04","guid":{"rendered":"http:\/\/viaasesores.es\/?p=727"},"modified":"2013-11-08T10:44:04","modified_gmt":"2013-11-08T09:44:04","slug":"ley-de-emprendedores-en-el-primer-programa-de-emprender-es-facil-por-emprenderfacil","status":"publish","type":"post","link":"https:\/\/www.decyde.es\/en\/ley-de-emprendedores-en-el-primer-programa-de-emprender-es-facil-por-emprenderfacil\/","title":{"rendered":"Ley de Emprendedores en el primer programa de Emprender es f\u00e1cil por @EmprenderFacil"},"content":{"rendered":"<p><strong>La noticia de la semana:<\/strong><\/p>\n<p>La noticia no s\u00f3lo de la semana, sino del a\u00f1o, es la entrada en vigor de la\u00a0<strong><a href=\"http:\/\/www.boe.es\/boe\/dias\/2013\/09\/28\/pdfs\/BOE-A-2013-10074.pdf\" target=\"_blank\">Ley de Emprendedores<\/a><\/strong>, con la que se trata de facilitar el autoempleo en nuestro pa\u00eds.<\/p>\n<p>La mencionada ley tiene varios puntos clave, como el IVA de caja, la tarifa plana para aut\u00f3nomos, la figura del emprendedor de responsabilidad limitada, la segunda oportunidad del emprendedor, el visado para emprendedores y profesionales, las sociedades limitadas de formaci\u00f3n continua, incentivos fiscales para\u00a0<em>business angels<\/em>\u00a0o la bonificaci\u00f3n para aut\u00f3nomos en pluriactividad, que repasamos en esta\u00a0<strong><a href=\"http:\/\/www.ivoox.com\/player_ej_2508186_1.html\" target=\"_blank\">primera sesi\u00f3n de Emprender es f\u00e1cil<\/a><\/strong>.<iframe loading=\"lazy\" src=\"http:\/\/www.ivoox.com\/player_ej_2508186_1.html\" height=\"120\" width=\"100%\" allowfullscreen=\"\" frameborder=\"0\" scrolling=\"no\"><\/iframe><strong>La AutoEntrevista:<\/strong><\/p>\n<p>Alberto Garre presenta\u00a0<strong><a href=\"http:\/\/www.huertoyou.com\/\" target=\"_blank\">Huertoyou<\/a><\/strong>, una oportunidad para cultivar tus propios alimentos a trav\u00e9s del alquiler de sus huertos en Torre Pacheco. Una actividad que aporta un valor a\u00f1adido a la actividad agr\u00edcola.<\/p>\n<p><center><iframe loading=\"lazy\" src=\"http:\/\/www.youtube.com\/embed\/UHY9sagy8Gk\" height=\"315\" width=\"420\" allowfullscreen=\"\" frameborder=\"0\"><\/iframe><\/center>&nbsp;<\/p>\n<p><strong>El Invitado:<\/strong><\/p>\n<p>Nos visita Juan Carlos Hern\u00e1ndez, de Confiter\u00eda Maite, una empresa que\u00a0mezcla la tradici\u00f3n en pasteler\u00eda con las nuevas innovaciones y que, en tiempos de crisis, afronta el futuro con nuevos conceptos, pr\u00e1cticas mejoradas, productos personalizados y contenci\u00f3n de precios,\u00a0\u00a0en busca de mantener el empleo en su empresa. Les avalan m\u00e1s de 30 a\u00f1os de historia en Murcia, una ciudad que es referente nacional en cuanto a actividad comercial.<\/p>\n<p style=\"text-align: center;\"><a href=\"http:\/\/www.todostartups.com\/wp-content\/uploads\/2013\/11\/IMG-20131028-WA0005.jpg\"><img decoding=\"async\" loading=\"lazy\" class=\"aligncenter\" alt=\"IMG-20131028-WA0005\" src=\"http:\/\/www.todostartups.com\/wp-content\/uploads\/2013\/11\/IMG-20131028-WA0005-300x168.jpg\" width=\"300\" height=\"168\" data-lazy-type=\"image\" data-lazy-src=\"http:\/\/www.todostartups.com\/wp-content\/uploads\/2013\/11\/IMG-20131028-WA0005-300x168.jpg\" \/><\/a><\/p>\n<p><strong>El Consejo Emprendedor:<\/strong><\/p>\n<p>Emprender con prudencia, pero emprender. Hacer n\u00fameros con antelaci\u00f3n, medir los costes, sondear las posibilidades de financiaci\u00f3n, conocer las caracter\u00edsticas y las oportunidades del mercado y tus propias fortalezas y debilidades, para arrancar con seguridad.<\/p>\n<p><em><strong>Emprender es f\u00e1cil<\/strong>\u00a0se emite todos los lunes a las 12.45 horas en La Ma\u00f1ana de Cope Murcia.<\/em><\/p>","protected":false},"excerpt":{"rendered":"<p>La noticia de la semana: La noticia no s\u00f3lo de la semana, sino del a\u00f1o, es la entrada en vigor de la\u00a0Ley de Emprendedores, con la que se trata de facilitar el autoempleo en nuestro pa\u00eds. La mencionada ley tiene varios puntos clave, como el IVA de caja, la tarifa plana para aut\u00f3nomos, la figura [&hellip;]<\/p>","protected":false},"author":1,"featured_media":728,"comment_status":"open","ping_status":"open","sticky":false,"template":"","format":"standard","meta":[],"categories":[36],"tags":[152,153,148,154,155,156,157,158,159],"_links":{"self":[{"href":"https:\/\/www.decyde.es\/en\/wp-json\/wp\/v2\/posts\/727"}],"collection":[{"href":"https:\/\/www.decyde.es\/en\/wp-json\/wp\/v2\/posts"}],"about":[{"href":"https:\/\/www.decyde.es\/en\/wp-json\/wp\/v2\/types\/post"}],"author":[{"embeddable":true,"href":"https:\/\/www.decyde.es\/en\/wp-json\/wp\/v2\/users\/1"}],"replies":[{"embeddable":true,"href":"https:\/\/www.decyde.es\/en\/wp-json\/wp\/v2\/comments?post=727"}],"version-history":[{"count":0,"href":"https:\/\/www.decyde.es\/en\/wp-json\/wp\/v2\/posts\/727\/revisions"}],"wp:featuredmedia":[{"embeddable":true,"href":"https:\/\/www.decyde.es\/en\/wp-json\/"}],"wp:attachment":[{"href":"https:\/\/www.decyde.es\/en\/wp-json\/wp\/v2\/media?parent=727"}],"wp:term":[{"taxonomy":"category","embeddable":true,"href":"https:\/\/www.decyde.es\/en\/wp-json\/wp\/v2\/categories?post=727"},{"taxonomy":"post_tag","embeddable":true,"href":"https:\/\/www.decyde.es\/en\/wp-json\/wp\/v2\/tags?post=727"}],"curies":[{"name":"wp","href":"https:\/\/api.w.org\/{rel}","templated":true}]}}