{"id":806,"date":"2013-11-19T10:29:50","date_gmt":"2013-11-19T09:29:50","guid":{"rendered":"http:\/\/viaasesores.es\/?p=806"},"modified":"2013-11-19T10:29:50","modified_gmt":"2013-11-19T09:29:50","slug":"la-avaricia-nos-trajo-al-pozo-la-ambicion-nos-debe-sacar-a-flote-en-emprenderfacil-empf3","status":"publish","type":"post","link":"https:\/\/www.decyde.es\/en\/la-avaricia-nos-trajo-al-pozo-la-ambicion-nos-debe-sacar-a-flote-en-emprenderfacil-empf3\/","title":{"rendered":"\u201cLa avaricia nos trajo al pozo, la ambici\u00f3n nos debe sacar a flote\u201d, en @emprenderfacil #EmpF3"},"content":{"rendered":"<p style=\"text-align: justify;\">Los datos de desempleo siguen siendo malos, pero no tanto como otros a\u00f1os en estas fechas. No obstante, cualquier cifra de desempleo es mala y desde Emprender es f\u00e1cil proponemos el autoempleo como soluci\u00f3n, como atajo para salir del paro.<\/p>\n<p style=\"text-align: justify;\">Relacionado con el autoempleo, os contamos un par de iniciativas muy interesantes. Por un lado, la <a href=\"http:\/\/www.ceeim.es\/creaPag2_ext.asp?area=00&amp;pub=1&amp;ta=Concursos%20y%20Premios&amp;pl=2&amp;id=1713&amp;mn=127\" target=\"_blank\">III Olimpiada de Creatividad<\/a> organizada por CEEIM, un nido para grandes emprendedores, en el que se pone a prueba el ingenio de los estudiantes de FP y Bachillerato de la Regi\u00f3n de Murcia. Por otro lado, la escuela para j\u00f3venes <a href=\"http:\/\/www.universomotivia.com\/motiviajunior\/que-es-motivia-junior\/\" target=\"_blank\">Motivia Junior<\/a>, dedicado a descubrir su lado emprendedor.<\/p>\n<p style=\"text-align: justify;\">Lo pod\u00e9is escuchar desde aqu\u00ed.<\/p>\n<p><center><iframe loading=\"lazy\" src=\"http:\/\/www.ivoox.com\/player_ej_2562155_1.html\" height=\"120\" width=\"100%\" allowfullscreen=\"\" frameborder=\"0\" scrolling=\"no\"><\/iframe><\/center><br \/>\n<strong>La AutoEntrevista:<\/strong><br \/>\nCarlos Morcillo presenta su Sistema E\u00f3lico.<\/p>\n<p style=\"text-align: justify;\"><strong>Nuestra referencia:<\/strong><br \/>\nLa referencia de la semana es \u00c1lvaro de la Rocha, \u201cTu chico de los recados\u201d, emprendedor cartagenero que se dio a conocer por su participaci\u00f3n en C\u00f3digo emprende, de TVE.<\/p>\n<p style=\"text-align: justify;\"><strong>El Consejo Emprendedor:<\/strong><br \/>\nLa avaricia nos trajo al pozo, la ambici\u00f3n nos debe sacar a flote.<\/p>\n<p style=\"text-align: justify;\">\u201cTodo lo que nos hace \u00fanicos nace con la ambici\u00f3n. Ocuparse de dar forma a esta ambici\u00f3n es el primer paso para una vida con \u00e9xito. La ambici\u00f3n est\u00e1 hecha de sue\u00f1os, de patrones modelo, de peque\u00f1as metas, de insatisfacci\u00f3n, de saber qui\u00e9n somos. Todos estos elementos son necesarios para modelar una ambici\u00f3n fecunda. Hay que combinarlos en unas proporciones que nadie te dir\u00e1 y que s\u00f3lo tu propia aventura determinar\u00e1. Y luego la vida se encarga del resto. Ah\u00ed es donde entran en juego la suerte o el destino, igualmente importantes y decisivos. Ah\u00ed es donde encontramos ese momento m\u00e1gico que nos abre los ojos, nos cierra el acuerdo comercial o hace que tropecemos con la persona de nuestra vida\u201d.<\/p>\n<p style=\"text-align: justify;\">Bernardo Hern\u00e1ndez, CEO de Flickr, ex vicepresidente de marketing de Google, en el pr\u00f3logo de \u201cUna hormiga en Par\u00eds\u201d, libro autobiogr\u00e1fico de Marc Vidal en el que este multiemprendedor cuenta sus primeras aventuras empresariales cuando s\u00f3lo contaba 17 a\u00f1os de edad.<\/p>","protected":false},"excerpt":{"rendered":"<p>Los datos de desempleo siguen siendo malos, pero no tanto como otros a\u00f1os en estas fechas. No obstante, cualquier cifra de desempleo es mala y desde Emprender es f\u00e1cil proponemos el autoempleo como soluci\u00f3n, como atajo para salir del paro. Relacionado con el autoempleo, os contamos un par de iniciativas muy interesantes. Por un lado, [&hellip;]<\/p>","protected":false},"author":1,"featured_media":807,"comment_status":"open","ping_status":"open","sticky":false,"template":"","format":"standard","meta":[],"categories":[36],"tags":[166,167,168,169,170,171,148,162,172,173,174,175,108,164,165,176,151,177],"_links":{"self":[{"href":"https:\/\/www.decyde.es\/en\/wp-json\/wp\/v2\/posts\/806"}],"collection":[{"href":"https:\/\/www.decyde.es\/en\/wp-json\/wp\/v2\/posts"}],"about":[{"href":"https:\/\/www.decyde.es\/en\/wp-json\/wp\/v2\/types\/post"}],"author":[{"embeddable":true,"href":"https:\/\/www.decyde.es\/en\/wp-json\/wp\/v2\/users\/1"}],"replies":[{"embeddable":true,"href":"https:\/\/www.decyde.es\/en\/wp-json\/wp\/v2\/comments?post=806"}],"version-history":[{"count":0,"href":"https:\/\/www.decyde.es\/en\/wp-json\/wp\/v2\/posts\/806\/revisions"}],"wp:featuredmedia":[{"embeddable":true,"href":"https:\/\/www.decyde.es\/en\/wp-json\/"}],"wp:attachment":[{"href":"https:\/\/www.decyde.es\/en\/wp-json\/wp\/v2\/media?parent=806"}],"wp:term":[{"taxonomy":"category","embeddable":true,"href":"https:\/\/www.decyde.es\/en\/wp-json\/wp\/v2\/categories?post=806"},{"taxonomy":"post_tag","embeddable":true,"href":"https:\/\/www.decyde.es\/en\/wp-json\/wp\/v2\/tags?post=806"}],"curies":[{"name":"wp","href":"https:\/\/api.w.org\/{rel}","templated":true}]}}