{"id":809,"date":"2013-11-25T12:28:58","date_gmt":"2013-11-25T11:28:58","guid":{"rendered":"http:\/\/viaasesores.es\/?p=809"},"modified":"2013-11-25T12:28:58","modified_gmt":"2013-11-25T11:28:58","slug":"coge-las-riendas-de-tu-carrera-profesional-autoempleate-en-emprenderfacil-empf4","status":"publish","type":"post","link":"https:\/\/www.decyde.es\/en\/coge-las-riendas-de-tu-carrera-profesional-autoempleate-en-emprenderfacil-empf4\/","title":{"rendered":"\u201cCoge las riendas de tu carrera profesional: Autoempl\u00e9ate\u201d, en @emprenderfacil #EmpF4"},"content":{"rendered":"<p style=\"text-align: justify;\">La empresa\u00a0<strong><a href=\"http:\/\/murciaeconomia.com\/not\/19981\/el_presidente_de_comarth___el_acuerdo_con_mondragon_no_traera_cambios_a_la_fabrica_de_beniajan_\/\" target=\"_blank\">Fagor Ederlan<\/a><\/strong>\u00a0entra como socio industrial a la murciana Comarth, una empresa innovadora que hace tres a\u00f1os ten\u00eda tan s\u00f3lo diez empleados y que, a pesar de la crisis, en la actualidad cuenta ya con m\u00e1s de cien empleados en Murcia.<\/p>\n<p style=\"text-align: justify;\">Se abrir\u00e1 una planta de fabricaci\u00f3n de veh\u00edculos en Mondrag\u00f3n en 2014, sin que esto suponga un cambio para los trabajadores de la f\u00e1brica de veh\u00edculos el\u00e9ctricos de Beniaj\u00e1n.\u00a0Hablamos de los compa\u00f1eros de viaje, la ayuda externa: fondos de capital riesgo e inversores (socios industriales).<\/p>\n<p style=\"text-align: justify;\">Lo pod\u00e9is escuchar desde\u00a0aqu\u00ed.<\/p>\n<p><center><iframe loading=\"lazy\" src=\"http:\/\/www.ivoox.com\/player_ej_2567180_1.html\" height=\"120\" width=\"100%\" allowfullscreen=\"\" frameborder=\"0\" scrolling=\"no\"><\/iframe><\/center><\/p>\n<p style=\"text-align: justify;\"><strong>La AutoEntrevista:<\/strong><\/p>\n<p style=\"text-align: justify;\">Juan Mart\u00ednez de\u00a0<strong><a href=\"http:\/\/www.planpresto.com\/\" target=\"_blank\">Plan Presto<\/a><\/strong>\u00a0presenta su programa de herramientas para emprendedores con la colaboraci\u00f3n de CEEIM: \u2018Emprende feliz, emprende con \u00e9xito\u2019.<\/p>\n<p style=\"text-align: justify;\"><strong>Nuestra referencia:<\/strong><\/p>\n<p style=\"text-align: justify;\">Nuestra referencia de la semana es Benito Mercader, director de\u00a0<strong><a href=\"http:\/\/murciaemprende.com\/\" target=\"_blank\">Murcia Emprende<\/a><\/strong>, la \u00fanica empresa sociedad de capital riesgo que hay en la regi\u00f3n murciana.<\/p>\n<p style=\"text-align: justify;\"><strong>El Consejo Emprendedor:<br \/>\n<\/strong><\/p>\n<p style=\"text-align: justify;\">Como bien afirma\u00a0<strong><a href=\"http:\/\/blogs.elconfidencial.com\/tecnologia\/emprendedorfurioso\/2013-11-13\/los-politicos-ahora-nos-animan-a-emprender-pero-es-tan-sencillo_53194\/\" target=\"_blank\">Carlos Otto<\/a><\/strong>\u00a0en su blog, emprender es duro y no todo el mundo vale. Pero hay quien s\u00ed sirve para ser emprendedor y no se lo ha planteado. La \u00fanica manera de emprender no es\u00a0montar una empresa millonaria, emprender\u00a0es tambi\u00e9n darte de alta de aut\u00f3nomo y buscar peque\u00f1os clientes que te permitan ganarte la vida. Emprender es coger las riendas de tu vida y de tu carrera profesional.<\/p>\n<p style=\"text-align: center;\"><strong>Autoempl\u00e9ate y busca tu destino.<\/strong><\/p>","protected":false},"excerpt":{"rendered":"<p>La empresa\u00a0Fagor Ederlan\u00a0entra como socio industrial a la murciana Comarth, una empresa innovadora que hace tres a\u00f1os ten\u00eda tan s\u00f3lo diez empleados y que, a pesar de la crisis, en la actualidad cuenta ya con m\u00e1s de cien empleados en Murcia. Se abrir\u00e1 una planta de fabricaci\u00f3n de veh\u00edculos en Mondrag\u00f3n en 2014, sin que [&hellip;]<\/p>","protected":false},"author":1,"featured_media":810,"comment_status":"open","ping_status":"open","sticky":false,"template":"","format":"standard","meta":[],"categories":[36],"tags":[167,178,179,180,171,148,162,181,173,182,183,147],"_links":{"self":[{"href":"https:\/\/www.decyde.es\/en\/wp-json\/wp\/v2\/posts\/809"}],"collection":[{"href":"https:\/\/www.decyde.es\/en\/wp-json\/wp\/v2\/posts"}],"about":[{"href":"https:\/\/www.decyde.es\/en\/wp-json\/wp\/v2\/types\/post"}],"author":[{"embeddable":true,"href":"https:\/\/www.decyde.es\/en\/wp-json\/wp\/v2\/users\/1"}],"replies":[{"embeddable":true,"href":"https:\/\/www.decyde.es\/en\/wp-json\/wp\/v2\/comments?post=809"}],"version-history":[{"count":0,"href":"https:\/\/www.decyde.es\/en\/wp-json\/wp\/v2\/posts\/809\/revisions"}],"wp:featuredmedia":[{"embeddable":true,"href":"https:\/\/www.decyde.es\/en\/wp-json\/"}],"wp:attachment":[{"href":"https:\/\/www.decyde.es\/en\/wp-json\/wp\/v2\/media?parent=809"}],"wp:term":[{"taxonomy":"category","embeddable":true,"href":"https:\/\/www.decyde.es\/en\/wp-json\/wp\/v2\/categories?post=809"},{"taxonomy":"post_tag","embeddable":true,"href":"https:\/\/www.decyde.es\/en\/wp-json\/wp\/v2\/tags?post=809"}],"curies":[{"name":"wp","href":"https:\/\/api.w.org\/{rel}","templated":true}]}}