{"id":853,"date":"2014-02-11T11:47:04","date_gmt":"2014-02-11T10:47:04","guid":{"rendered":"http:\/\/viaasesores.es\/?p=853"},"modified":"2014-02-11T11:47:04","modified_gmt":"2014-02-11T10:47:04","slug":"instituto-de-fomento-internacionalizacion-y-geolocalizacion-en-emprenderfacil-empf14","status":"publish","type":"post","link":"https:\/\/www.decyde.es\/en\/instituto-de-fomento-internacionalizacion-y-geolocalizacion-en-emprenderfacil-empf14\/","title":{"rendered":"Instituto de Fomento, Internacionalizaci\u00f3n y Geolocalizaci\u00f3n, en @EmprenderFacil #EmpF14"},"content":{"rendered":"<p style=\"text-align: justify;\">La Autoentrevista de la semana est\u00e1 protagonizada por Carlos Pineda, que nos habla de <a href=\"http:\/\/www.geodiscover.es\/\" target=\"_blank\">Geodiscover<\/a>, empresa\u00a0pionera en los sistemas de informaci\u00f3n geogr\u00e1fica, y sus servicios de fotograf\u00eda a\u00e9rea y grabaci\u00f3n de v\u00eddeos con bajo coste, drones, teledetecci\u00f3n, etc.<\/p>\n<p style=\"text-align: justify;\">En cuanto a Nuestra Referencia, esta semana contamos con Juan Hern\u00e1ndez, Director del <a href=\"http:\/\/www.institutofomentomurcia.es\/\" target=\"_blank\">Instituto de Fomento en Murcia<\/a>, que nos aporta muchas claves para emprender, el incremento de la internacionalizaci\u00f3n con el apoyo de INFO como noticia positiva de la semana y un Consejo Emprendedor: las ideas de negocio deben estar contrastadas con el mercado y adem\u00e1s, hay que tener perseverancia y rodearse de un buen equipo, dentro y fuera de tu empresa.<\/p>\n<p><center><iframe loading=\"lazy\" src=\"http:\/\/www.ivoox.com\/player_ej_2821090_1.html\" height=\"120\" width=\"100%\" allowfullscreen=\"\" frameborder=\"0\" scrolling=\"no\"><\/iframe><\/center><\/p>","protected":false},"excerpt":{"rendered":"<p>La Autoentrevista de la semana est\u00e1 protagonizada por Carlos Pineda, que nos habla de Geodiscover, empresa\u00a0pionera en los sistemas de informaci\u00f3n geogr\u00e1fica, y sus servicios de fotograf\u00eda a\u00e9rea y grabaci\u00f3n de v\u00eddeos con bajo coste, drones, teledetecci\u00f3n, etc. En cuanto a Nuestra Referencia, esta semana contamos con Juan Hern\u00e1ndez, Director del Instituto de Fomento en [&hellip;]<\/p>","protected":false},"author":1,"featured_media":854,"comment_status":"open","ping_status":"open","sticky":false,"template":"","format":"standard","meta":[],"categories":[36],"tags":[240,241,171,242,162,243,244,245,173,246],"_links":{"self":[{"href":"https:\/\/www.decyde.es\/en\/wp-json\/wp\/v2\/posts\/853"}],"collection":[{"href":"https:\/\/www.decyde.es\/en\/wp-json\/wp\/v2\/posts"}],"about":[{"href":"https:\/\/www.decyde.es\/en\/wp-json\/wp\/v2\/types\/post"}],"author":[{"embeddable":true,"href":"https:\/\/www.decyde.es\/en\/wp-json\/wp\/v2\/users\/1"}],"replies":[{"embeddable":true,"href":"https:\/\/www.decyde.es\/en\/wp-json\/wp\/v2\/comments?post=853"}],"version-history":[{"count":0,"href":"https:\/\/www.decyde.es\/en\/wp-json\/wp\/v2\/posts\/853\/revisions"}],"wp:featuredmedia":[{"embeddable":true,"href":"https:\/\/www.decyde.es\/en\/wp-json\/"}],"wp:attachment":[{"href":"https:\/\/www.decyde.es\/en\/wp-json\/wp\/v2\/media?parent=853"}],"wp:term":[{"taxonomy":"category","embeddable":true,"href":"https:\/\/www.decyde.es\/en\/wp-json\/wp\/v2\/categories?post=853"},{"taxonomy":"post_tag","embeddable":true,"href":"https:\/\/www.decyde.es\/en\/wp-json\/wp\/v2\/tags?post=853"}],"curies":[{"name":"wp","href":"https:\/\/api.w.org\/{rel}","templated":true}]}}