{"id":858,"date":"2014-02-17T12:15:08","date_gmt":"2014-02-17T11:15:08","guid":{"rendered":"http:\/\/viaasesores.es\/?p=858"},"modified":"2014-02-17T12:15:08","modified_gmt":"2014-02-17T11:15:08","slug":"autoedicion-y-educacion-creatividad-y-artesania-innovacion-y-musica-en-emprenderfacil-empf15","status":"publish","type":"post","link":"https:\/\/www.decyde.es\/en\/autoedicion-y-educacion-creatividad-y-artesania-innovacion-y-musica-en-emprenderfacil-empf15\/","title":{"rendered":"Autoedici\u00f3n y Educaci\u00f3n. Creatividad y Artesan\u00eda. Innovaci\u00f3n y M\u00fasica, en @EmprenderFacil #EmpF15"},"content":{"rendered":"<p style=\"text-align: justify;\">Esta semana hablamos de autoedici\u00f3n de libros de texto, con <a href=\"http:\/\/www.bubok.es\/\" target=\"_blank\">Bubok<\/a>\u00a0como protagonista, como noticia de la semana, ya que esta compa\u00f1\u00eda ha apostado por <a href=\"http:\/\/www.elmundo.es\/economia\/2014\/02\/11\/52fa722122601d88018b457c.html\" target=\"_blank\">la autoedici\u00f3n de material did\u00e1ctico para ni\u00f1os<\/a>.\u00a0La firma madrile\u00f1a, que ya cuenta con 80.000 usuarios registrados y 70.000 t\u00edtulos publicados, se embarca ahora en un proyecto vinculado a la ense\u00f1anza y el entretenimiento para ni\u00f1os, en el que los profesores y padres pueden confeccionar los libros de texto y cuentos seg\u00fan sus necesidades.<\/p>\n<p style=\"text-align: justify;\">En la Autoentrevista,\u00a0<a href=\"http:\/\/www.julietasinromeo.es\/\" target=\"_blank\">Julieta sin Romeo<\/a>, la tienda de las cosas bonitas y sus <a href=\"https:\/\/www.facebook.com\/saraosjsr\" target=\"_blank\">Saraos<\/a>, preparados para montar las mejores fiestas por ti.\u00a0Y como en Murcia hay cada vez m\u00e1s emprendedores que optan por la Innovaci\u00f3n, Nuestra Referencia viene con m\u00fasica, de la mano de Ray Garc\u00eda y la startup <a href=\"http:\/\/placeband.com\/\" target=\"_blank\">Placeband<\/a>.<\/p>\n<p><center><iframe loading=\"lazy\" src=\"http:\/\/www.ivoox.com\/player_ej_2841045_1.html\" height=\"120\" width=\"100%\" allowfullscreen=\"\" frameborder=\"0\" scrolling=\"no\"><\/iframe><\/center><\/p>","protected":false},"excerpt":{"rendered":"<p>Esta semana hablamos de autoedici\u00f3n de libros de texto, con Bubok\u00a0como protagonista, como noticia de la semana, ya que esta compa\u00f1\u00eda ha apostado por la autoedici\u00f3n de material did\u00e1ctico para ni\u00f1os.\u00a0La firma madrile\u00f1a, que ya cuenta con 80.000 usuarios registrados y 70.000 t\u00edtulos publicados, se embarca ahora en un proyecto vinculado a la ense\u00f1anza y [&hellip;]<\/p>","protected":false},"author":1,"featured_media":859,"comment_status":"open","ping_status":"open","sticky":false,"template":"","format":"standard","meta":[],"categories":[36],"tags":[167,298,299,171,300,173,301,147,302,303],"_links":{"self":[{"href":"https:\/\/www.decyde.es\/en\/wp-json\/wp\/v2\/posts\/858"}],"collection":[{"href":"https:\/\/www.decyde.es\/en\/wp-json\/wp\/v2\/posts"}],"about":[{"href":"https:\/\/www.decyde.es\/en\/wp-json\/wp\/v2\/types\/post"}],"author":[{"embeddable":true,"href":"https:\/\/www.decyde.es\/en\/wp-json\/wp\/v2\/users\/1"}],"replies":[{"embeddable":true,"href":"https:\/\/www.decyde.es\/en\/wp-json\/wp\/v2\/comments?post=858"}],"version-history":[{"count":0,"href":"https:\/\/www.decyde.es\/en\/wp-json\/wp\/v2\/posts\/858\/revisions"}],"wp:featuredmedia":[{"embeddable":true,"href":"https:\/\/www.decyde.es\/en\/wp-json\/"}],"wp:attachment":[{"href":"https:\/\/www.decyde.es\/en\/wp-json\/wp\/v2\/media?parent=858"}],"wp:term":[{"taxonomy":"category","embeddable":true,"href":"https:\/\/www.decyde.es\/en\/wp-json\/wp\/v2\/categories?post=858"},{"taxonomy":"post_tag","embeddable":true,"href":"https:\/\/www.decyde.es\/en\/wp-json\/wp\/v2\/tags?post=858"}],"curies":[{"name":"wp","href":"https:\/\/api.w.org\/{rel}","templated":true}]}}